{"id":34132,"date":"2020-12-30T10:29:58","date_gmt":"2020-12-30T13:29:58","guid":{"rendered":"https:\/\/www.radioamigavallenar.cl\/?p=34132"},"modified":"2020-12-30T10:30:08","modified_gmt":"2020-12-30T13:30:08","slug":"tribunal-ambiental-aprueba-arreglo-que-viabiliza-rajo-inca","status":"publish","type":"post","link":"https:\/\/www.radioamigavallenar.cl\/?p=34132","title":{"rendered":"Tribunal Ambiental aprueba arreglo que viabiliza Rajo Inca"},"content":{"rendered":"<p>Buenas noticias recibi\u00f3 la estatal Codelco de parte del Tribunal Ambiental de Antofagasta, luego que tras una extensa audiencia el pleno de la instancia diera luz verde al acuerdo que alcanz\u00f3 la Corporaci\u00f3n y el Consejo de Defensa del Estado (CDE), que denunci\u00f3 un supuesto da\u00f1o ambiental de la Divisi\u00f3n Salvador, que ten\u00eda en jaque el desarrollo de Rajo Inca.<\/p>\n<p>Dicho avenimiento contiene m\u00e1s de una docena de compromisos, entre los que destacan el m\u00e1ximo resguardo del salar de Pedernales y su acu\u00edfero, 60 hect\u00e1reas de vegetaci\u00f3n que ser\u00e1n recuperadas y otras 157 hect\u00e1reas de vegas altoandinas que ser\u00e1n puestas en valor, en un plan cuyo costo estimado supera los US$56 millones.<\/p>\n<p>Este plan fue aprobado, pero con reparos, seg\u00fan explic\u00f3 el ministro titular en Ciencias, Marcelo Hern\u00e1ndez.<\/p>\n<p>\u201cEl tribunal hace un an\u00e1lisis y evaluaci\u00f3n de los elementos esenciales, donde se determinan seis criterios para chequear las once medidas propuestas, a lo que el tribunal adiciona seis m\u00e1s, donde se destaca una mesa de di\u00e1logo y gobernanza para el salar de Pedernales, incluyendo a las comunidades ind\u00edgenas y familias de la zona\u201d, explic\u00f3 la autoridad.<\/p>\n","protected":false},"excerpt":{"rendered":"<p>Buenas noticias recibi\u00f3 la estatal Codelco de parte del Tribunal Ambiental de Antofagasta, luego que tras una extensa audiencia el pleno de la instancia diera&hellip; <\/p>\n","protected":false},"author":2,"featured_media":34133,"comment_status":"open","ping_status":"closed","sticky":false,"template":"","format":"standard","meta":{"footnotes":""},"categories":[38],"tags":[],"class_list":["post-34132","post","type-post","status-publish","format-standard","has-post-thumbnail","hentry","category-portada-regional"],"_links":{"self":[{"href":"https:\/\/www.radioamigavallenar.cl\/index.php?rest_route=\/wp\/v2\/posts\/34132","targetHints":{"allow":["GET"]}}],"collection":[{"href":"https:\/\/www.radioamigavallenar.cl\/index.php?rest_route=\/wp\/v2\/posts"}],"about":[{"href":"https:\/\/www.radioamigavallenar.cl\/index.php?rest_route=\/wp\/v2\/types\/post"}],"author":[{"embeddable":true,"href":"https:\/\/www.radioamigavallenar.cl\/index.php?rest_route=\/wp\/v2\/users\/2"}],"replies":[{"embeddable":true,"href":"https:\/\/www.radioamigavallenar.cl\/index.php?rest_route=%2Fwp%2Fv2%2Fcomments&post=34132"}],"version-history":[{"count":2,"href":"https:\/\/www.radioamigavallenar.cl\/index.php?rest_route=\/wp\/v2\/posts\/34132\/revisions"}],"predecessor-version":[{"id":34135,"href":"https:\/\/www.radioamigavallenar.cl\/index.php?rest_route=\/wp\/v2\/posts\/34132\/revisions\/34135"}],"wp:featuredmedia":[{"embeddable":true,"href":"https:\/\/www.radioamigavallenar.cl\/index.php?rest_route=\/wp\/v2\/media\/34133"}],"wp:attachment":[{"href":"https:\/\/www.radioamigavallenar.cl\/index.php?rest_route=%2Fwp%2Fv2%2Fmedia&parent=34132"}],"wp:term":[{"taxonomy":"category","embeddable":true,"href":"https:\/\/www.radioamigavallenar.cl\/index.php?rest_route=%2Fwp%2Fv2%2Fcategories&post=34132"},{"taxonomy":"post_tag","embeddable":true,"href":"https:\/\/www.radioamigavallenar.cl\/index.php?rest_route=%2Fwp%2Fv2%2Ftags&post=34132"}],"curies":[{"name":"wp","href":"https:\/\/api.w.org\/{rel}","templated":true}]}}