{"id":34129,"date":"2020-12-30T10:25:33","date_gmt":"2020-12-30T13:25:33","guid":{"rendered":"https:\/\/www.radioamigavallenar.cl\/?p=34129"},"modified":"2020-12-30T10:25:33","modified_gmt":"2020-12-30T13:25:33","slug":"sii-queda-1-dia-para-que-quienes-no-cumplian-requisitos-devuelvan-el-bono-clase-media-sin-multas","status":"publish","type":"post","link":"https:\/\/www.radioamigavallenar.cl\/?p=34129","title":{"rendered":"SII: queda 1 d\u00eda para que quienes no cumpl\u00edan requisitos devuelvan el Bono Clase Media sin multas"},"content":{"rendered":"<p>El Servicio de Impuestos Internos (SII) record\u00f3 queda un d\u00eda- hasta ma\u00f1ana jueves 31 de diciembre- para que los trabajadores dependientes que accedieron al Aporte Fiscal para la Clase Media sin cumplir con los requisitos establecidos en la ley, puedan restituirlo a trav\u00e9s del sitio web de la Tesorer\u00eda General de la Rep\u00fablica\u00a0<strong>sin reajustes, multas ni intereses.<\/strong><\/p>\n<p>En el proceso de verificaci\u00f3n del cumplimiento de los requisitos establecidos por la ley, el SII detect\u00f3\u00a0<strong>437.703 trabajadores<\/strong>\u00a0dependientes que solicitaron el bono y registraban diferencias entre el monto que autodeclararon como sueldo tributable en julio de 2020 y el c\u00e1lculo realizado a partir de sus cotizaciones previsionales obligatorias o de lo efectivamente percibido.<\/p>\n<p>Por tanto, esos\u00a0<strong>437.703 trabajadores no cumpl\u00edan con el requisito legal<\/strong>\u00a0de tener una disminuci\u00f3n de un 30% o m\u00e1s en sus remuneraciones en julio respecto del promedio de ingresos totales de 2019.<\/p>\n<h2 style=\"text-align: center;\">Devoluci\u00f3n de los dineros<\/h2>\n<p>El SII estableci\u00f3 un procedimiento para que los trabajadores\u00a0<strong>restituyan los montos percibidos indebidamente<\/strong>\u00a0a trav\u00e9s de una plataforma disponible en el\u00a0<a href=\"https:\/\/www.tgr.cl\/\">sitio web<\/a>\u00a0de la Tesorer\u00eda General de la Rep\u00fablica.<\/p>\n<p>Una vez concluido este proceso,\u00a0<strong>se determinar\u00e1n las acciones respecto de quienes no realicen esta devoluci\u00f3n.<\/strong><\/p>\n","protected":false},"excerpt":{"rendered":"<p>El Servicio de Impuestos Internos (SII) record\u00f3 queda un d\u00eda- hasta ma\u00f1ana jueves 31 de diciembre- para que los trabajadores dependientes que accedieron al Aporte&hellip; <\/p>\n","protected":false},"author":2,"featured_media":34130,"comment_status":"open","ping_status":"closed","sticky":false,"template":"","format":"standard","meta":{"footnotes":""},"categories":[37],"tags":[],"class_list":["post-34129","post","type-post","status-publish","format-standard","has-post-thumbnail","hentry","category-nacional"],"_links":{"self":[{"href":"https:\/\/www.radioamigavallenar.cl\/index.php?rest_route=\/wp\/v2\/posts\/34129","targetHints":{"allow":["GET"]}}],"collection":[{"href":"https:\/\/www.radioamigavallenar.cl\/index.php?rest_route=\/wp\/v2\/posts"}],"about":[{"href":"https:\/\/www.radioamigavallenar.cl\/index.php?rest_route=\/wp\/v2\/types\/post"}],"author":[{"embeddable":true,"href":"https:\/\/www.radioamigavallenar.cl\/index.php?rest_route=\/wp\/v2\/users\/2"}],"replies":[{"embeddable":true,"href":"https:\/\/www.radioamigavallenar.cl\/index.php?rest_route=%2Fwp%2Fv2%2Fcomments&post=34129"}],"version-history":[{"count":1,"href":"https:\/\/www.radioamigavallenar.cl\/index.php?rest_route=\/wp\/v2\/posts\/34129\/revisions"}],"predecessor-version":[{"id":34131,"href":"https:\/\/www.radioamigavallenar.cl\/index.php?rest_route=\/wp\/v2\/posts\/34129\/revisions\/34131"}],"wp:featuredmedia":[{"embeddable":true,"href":"https:\/\/www.radioamigavallenar.cl\/index.php?rest_route=\/wp\/v2\/media\/34130"}],"wp:attachment":[{"href":"https:\/\/www.radioamigavallenar.cl\/index.php?rest_route=%2Fwp%2Fv2%2Fmedia&parent=34129"}],"wp:term":[{"taxonomy":"category","embeddable":true,"href":"https:\/\/www.radioamigavallenar.cl\/index.php?rest_route=%2Fwp%2Fv2%2Fcategories&post=34129"},{"taxonomy":"post_tag","embeddable":true,"href":"https:\/\/www.radioamigavallenar.cl\/index.php?rest_route=%2Fwp%2Fv2%2Ftags&post=34129"}],"curies":[{"name":"wp","href":"https:\/\/api.w.org\/{rel}","templated":true}]}}