{"id":34126,"date":"2020-12-30T08:25:21","date_gmt":"2020-12-30T11:25:21","guid":{"rendered":"https:\/\/www.radioamigavallenar.cl\/?p=34126"},"modified":"2020-12-30T08:25:21","modified_gmt":"2020-12-30T11:25:21","slug":"prueba-de-transicion-casi-5-mil-carabineros-resguardaran-sedes-mas-del-doble-que-en-2020","status":"publish","type":"post","link":"https:\/\/www.radioamigavallenar.cl\/?p=34126","title":{"rendered":"Prueba de Transici\u00f3n: Casi 5 mil carabineros resguardar\u00e1n sedes, m\u00e1s del doble que en 2020"},"content":{"rendered":"<div class=\"post-excerpt\">\n<p>El Gobierno duplic\u00f3 la presencia de carabineros respecto de la \u00faltima rendici\u00f3n de la PSU que tuvo lugar el pasado enero y dispuso 4 mil 910 uniformados para resguardar el proceso que se inicia la pr\u00f3xima semana. En la Asamblea Coordinadora de Estudiantes Secundarios (ACES) lamentaron que el Ejecutivo no responda a la demanda de acceso universal a la educaci\u00f3n superior, mientras que desde el Mineduc insisten que el nuevo sistema es m\u00e1s justo.<\/p>\n<\/div>\n<div class=\"banners-contenido-nota-4778539\">\n<p>Dos mil carabineros fueron los desplegados por el Gobierno en enero pasado para garantizar la rendici\u00f3n de las PSU luego que la Asamblea Coordinadora de Estudiantes Secundarios (ACES) realizara masivas movilizaciones en el proceso, el cual ya se hab\u00eda aplazado debido al estallido social del 18 de octubre de 2019.<\/p>\n<p><strong>Esta vez el Ministerio del Interior dispuso de 4. 910 uniformados para resguardar la rendici\u00f3n de las pruebas de selecci\u00f3n universitaria de transici\u00f3n<\/strong>, que debido a la pandemia se realizar\u00e1 en dos grupos los lunes y martes, y el jueves y viernes de la pr\u00f3xima semana.<\/p>\n<p>El director Nacional de Orden y Seguridad de Carabineros, Esteban D\u00edaz, asegur\u00f3 que las pruebas est\u00e1n bajo resguardo de la instituci\u00f3n, para el lunes ser trasladadas hacia los 666 locales de rendici\u00f3n habilitados en el pa\u00eds.<\/p>\n<p>Ante la posibilidad que la ACES nuevamente realice masivas movilizaciones,\u00a0<strong>el general D\u00edaz indic\u00f3 que cuentan con las herramientas t\u00e9cnicas para garantizar la rendici\u00f3n de las pruebas.<\/strong><\/p>\n<p>\u201cTenemos una unidad grande en este pa\u00eds de an\u00e1lisis criminal que nos permite mantener informaci\u00f3n en tiempo real y tambi\u00e9n hist\u00f3rica respecto de los hechos que se han suscitado en los distintos eventos que tienen que ver con la Prueba de Selecci\u00f3n Universitaria. L\u00f3gicamente estamos atentos a todo ello, nuestros despliegues ya est\u00e1n ejerciendo sus servicios en todo el pa\u00eds con los traslados de las pruebas en las distintas regiones y en las unidades donde van a quedar\u201d, sostuvo.<\/p>\n<p><strong>El vocero de la ACES, Marcos Faure, dijo no sentirse sorprendido por la mayor presencia policial en el proceso de la PSU de transici\u00f3n y lament\u00f3 que el Ministerio de Educaci\u00f3n (Mineduc) no responda a la demanda de acceso universal para la educaci\u00f3n superior.<\/strong><\/p>\n<p>\u201cNo nos sorprende que esta sea la respuesta de este gobierno y del ministerio, que ante las demandas de acceso universal, entendiendo adem\u00e1s justamente la situaci\u00f3n que estamos pasando hoy en d\u00eda, esta sea su respuesta, sea m\u00e1s represi\u00f3n\u201d, asegur\u00f3.<\/p>\n<p>En esa l\u00ednea, agreg\u00f3:\u00a0<strong>\u201cSabemos que es parte m\u00e1s de las pr\u00e1cticas represivas de este gobierno que es la \u00fanica respuesta que tiene ante las demandas sociales y educativas que hemos levantado hist\u00f3ricamente\u201d.<\/strong><\/p>\n<p>En el Mineduc insistieron que el nuevo sistema de acceso es m\u00e1s justo, resaltando la disminuci\u00f3n de preguntas y que la ponderaci\u00f3n de las pruebas pueda ser m\u00e1s baja, como detall\u00f3 el subsecretario de Educaci\u00f3n Superior, Juan Eduardo Vargas.<\/p>\n<p>\u201cSe est\u00e1n eliminando en primer lugar m\u00e1s de un tercio de los contenidos en comparaci\u00f3n con los contenidos que se consideraban en las pruebas obligatorias de la PSU.\u00a0<strong>Adicionalmente se est\u00e1 permitiendo que el 10% mejor de cada generaci\u00f3n del colegio pueda postular de forma centralizada, independientemente del puntaje que obtenga\u201d<\/strong>, indic\u00f3.<\/p>\n<p>Este s\u00e1bado, en tanto, los m\u00e1s de 260 mil postulantes inscritos para las PSU de transici\u00f3n conocer\u00e1n su local de rendici\u00f3n, mientras que el domingo s\u00f3lo habr\u00e1 reconocimiento de sala para las personas en situaci\u00f3n de discapacidad.<\/p>\n<\/div>\n","protected":false},"excerpt":{"rendered":"<p>El Gobierno duplic\u00f3 la presencia de carabineros respecto de la \u00faltima rendici\u00f3n de la PSU que tuvo lugar el pasado enero y dispuso 4 mil&hellip; <\/p>\n","protected":false},"author":2,"featured_media":34127,"comment_status":"open","ping_status":"closed","sticky":false,"template":"","format":"standard","meta":{"footnotes":""},"categories":[37],"tags":[],"class_list":["post-34126","post","type-post","status-publish","format-standard","has-post-thumbnail","hentry","category-nacional"],"_links":{"self":[{"href":"https:\/\/www.radioamigavallenar.cl\/index.php?rest_route=\/wp\/v2\/posts\/34126","targetHints":{"allow":["GET"]}}],"collection":[{"href":"https:\/\/www.radioamigavallenar.cl\/index.php?rest_route=\/wp\/v2\/posts"}],"about":[{"href":"https:\/\/www.radioamigavallenar.cl\/index.php?rest_route=\/wp\/v2\/types\/post"}],"author":[{"embeddable":true,"href":"https:\/\/www.radioamigavallenar.cl\/index.php?rest_route=\/wp\/v2\/users\/2"}],"replies":[{"embeddable":true,"href":"https:\/\/www.radioamigavallenar.cl\/index.php?rest_route=%2Fwp%2Fv2%2Fcomments&post=34126"}],"version-history":[{"count":1,"href":"https:\/\/www.radioamigavallenar.cl\/index.php?rest_route=\/wp\/v2\/posts\/34126\/revisions"}],"predecessor-version":[{"id":34128,"href":"https:\/\/www.radioamigavallenar.cl\/index.php?rest_route=\/wp\/v2\/posts\/34126\/revisions\/34128"}],"wp:featuredmedia":[{"embeddable":true,"href":"https:\/\/www.radioamigavallenar.cl\/index.php?rest_route=\/wp\/v2\/media\/34127"}],"wp:attachment":[{"href":"https:\/\/www.radioamigavallenar.cl\/index.php?rest_route=%2Fwp%2Fv2%2Fmedia&parent=34126"}],"wp:term":[{"taxonomy":"category","embeddable":true,"href":"https:\/\/www.radioamigavallenar.cl\/index.php?rest_route=%2Fwp%2Fv2%2Fcategories&post=34126"},{"taxonomy":"post_tag","embeddable":true,"href":"https:\/\/www.radioamigavallenar.cl\/index.php?rest_route=%2Fwp%2Fv2%2Ftags&post=34126"}],"curies":[{"name":"wp","href":"https:\/\/api.w.org\/{rel}","templated":true}]}}