{"id":34117,"date":"2020-12-30T07:19:10","date_gmt":"2020-12-30T10:19:10","guid":{"rendered":"https:\/\/www.radioamigavallenar.cl\/?p=34117"},"modified":"2020-12-30T07:19:10","modified_gmt":"2020-12-30T10:19:10","slug":"municipio-de-vallenar-llama-al-autocuidado-en-fiestas-de-fin-de-ano","status":"publish","type":"post","link":"https:\/\/www.radioamigavallenar.cl\/?p=34117","title":{"rendered":"Municipio de Vallenar llama al autocuidado en fiestas de fin de a\u00f1o"},"content":{"rendered":"<p>El Alcalde de la comuna de Vallenar, V\u00edctor Isla Lutz, realiz\u00f3 un llamado a la comunidad de la provincia del Huasco para tomar todas las precauciones y medidas en las celebraciones de fin de a\u00f1o.<\/p>\n<p>El edil se refiri\u00f3 espec\u00edficamente a los graves accidentes de tr\u00e1nsito ocurridos \u00faltimamente, producto de la imprudencia de conductores que circulan a altas velocidades y con ingesta de alcohol al volante.<\/p>\n<p>\u201cEsperamos que estas fiestas no se vean empa\u00f1adas por la imprudencia de vecinos, por ello que hacemos el llamado a tomar todas las medidas necesarias, tanto de choferes como peatones, para no tener que empa\u00f1ar estas festividades\u201d, explic\u00f3 el Alcalde Isla.<\/p>\n<p>Actualmente se instalar\u00e1n lomos de toro en algunas zonas, donde los vecinos de manera organizada, han expresado su preocupaci\u00f3n por las altas velocidades con que transitan los autom\u00f3viles. \u201cCreemos que la soluci\u00f3n radica en tomar real conciencia de las consecuencias que puede tener conducir a altas velocidades en zonas urbanas o bajo la influencia del alcohol\u201d, agreg\u00f3 la primera autoridad comunal.<\/p>\n<p>Por \u00faltimo, la autoridad reiter\u00f3 su invitaci\u00f3n a que las familias vallenarinas organicen sus fiestas de fin de a\u00f1o en forma segura, sin aglomeraciones y as\u00ed evitar contagios por Covid-19.<\/p>\n<p>Las medidas obligatorias de prevenci\u00f3n y autocuidado son las siguientes:<\/p>\n<ul>\n<li>Uso de mascarilla: obligatorio en lugares cerrados y abiertos urbanos, transporte p\u00fablico y privado.<\/li>\n<li>Distanciamiento f\u00edsico: al menos un metro lineal entre personas.<\/li>\n<li>Higiene frecuente de manos.<\/li>\n<li>Evitar lugares cerrados y aglomerados.<\/li>\n<li>Ventilar permanentemente lugares cerrados.<\/li>\n<li>Control de aduanas sanitarias: en zonas de cambio de regi\u00f3n, d\u00f3nde se solicita un pasaporte sanitario vigente.<\/li>\n<\/ul>\n","protected":false},"excerpt":{"rendered":"<p>El Alcalde de la comuna de Vallenar, V\u00edctor Isla Lutz, realiz\u00f3 un llamado a la comunidad de la provincia del Huasco para tomar todas las&hellip; <\/p>\n","protected":false},"author":2,"featured_media":34118,"comment_status":"open","ping_status":"closed","sticky":false,"template":"","format":"standard","meta":{"footnotes":""},"categories":[7],"tags":[],"class_list":["post-34117","post","type-post","status-publish","format-standard","has-post-thumbnail","hentry","category-atacama"],"_links":{"self":[{"href":"https:\/\/www.radioamigavallenar.cl\/index.php?rest_route=\/wp\/v2\/posts\/34117","targetHints":{"allow":["GET"]}}],"collection":[{"href":"https:\/\/www.radioamigavallenar.cl\/index.php?rest_route=\/wp\/v2\/posts"}],"about":[{"href":"https:\/\/www.radioamigavallenar.cl\/index.php?rest_route=\/wp\/v2\/types\/post"}],"author":[{"embeddable":true,"href":"https:\/\/www.radioamigavallenar.cl\/index.php?rest_route=\/wp\/v2\/users\/2"}],"replies":[{"embeddable":true,"href":"https:\/\/www.radioamigavallenar.cl\/index.php?rest_route=%2Fwp%2Fv2%2Fcomments&post=34117"}],"version-history":[{"count":1,"href":"https:\/\/www.radioamigavallenar.cl\/index.php?rest_route=\/wp\/v2\/posts\/34117\/revisions"}],"predecessor-version":[{"id":34119,"href":"https:\/\/www.radioamigavallenar.cl\/index.php?rest_route=\/wp\/v2\/posts\/34117\/revisions\/34119"}],"wp:featuredmedia":[{"embeddable":true,"href":"https:\/\/www.radioamigavallenar.cl\/index.php?rest_route=\/wp\/v2\/media\/34118"}],"wp:attachment":[{"href":"https:\/\/www.radioamigavallenar.cl\/index.php?rest_route=%2Fwp%2Fv2%2Fmedia&parent=34117"}],"wp:term":[{"taxonomy":"category","embeddable":true,"href":"https:\/\/www.radioamigavallenar.cl\/index.php?rest_route=%2Fwp%2Fv2%2Fcategories&post=34117"},{"taxonomy":"post_tag","embeddable":true,"href":"https:\/\/www.radioamigavallenar.cl\/index.php?rest_route=%2Fwp%2Fv2%2Ftags&post=34117"}],"curies":[{"name":"wp","href":"https:\/\/api.w.org\/{rel}","templated":true}]}}