{"id":34114,"date":"2020-12-30T07:16:20","date_gmt":"2020-12-30T10:16:20","guid":{"rendered":"https:\/\/www.radioamigavallenar.cl\/?p=34114"},"modified":"2020-12-30T07:16:20","modified_gmt":"2020-12-30T10:16:20","slug":"el-2021-atacama-vuelve-al-circuito-mundial-del-rally","status":"publish","type":"post","link":"https:\/\/www.radioamigavallenar.cl\/?p=34114","title":{"rendered":"El 2021 Atacama vuelve al circuito mundial del Rally"},"content":{"rendered":"<p>Por primera vez en Chile se realizar\u00e1n dos fechas por la Copa del Mundo de Bajas Cross Country FIM en 2021, un evento que hasta 2020 no sal\u00eda de Europa, Asia y Medio Oriente, incorpor\u00e1ndose en la pr\u00f3xima temporada Sudam\u00e9rica, donde Brasil y Chile ser\u00e1n protagonistas. Las fechas ser\u00e1n entre el 29 de agosto y el 4 de septiembre en Copiap\u00f3.<\/p>\n<p>La Copa del Mundo de bajas FIM \u00a0es un evento mundial, similar al Rally Cross Country, que fue popularizada en nuestro pa\u00eds por el promisorio Tom\u00e1s de Gavardo, quien en 2019 se consagr\u00f3 campe\u00f3n de la Copa del Mundo en la categor\u00eda Junior y esta temporada logr\u00f3 el subcampeonato, siendo el \u00fanico piloto regional en ambos a\u00f1os.<\/p>\n<p>Las dos fechas ser\u00e1n organizadas en nuestro territorio por Atacama Race Sport, dirigido por Gerardo Fontaine, organizador del propio Atacama Rally y del Atacama Master Rally, cuya competencia est\u00e1 programada para febrero pr\u00f3ximo.<\/p>\n<p>Sobre c\u00f3mo se gestaron las dos carreras en el calendario de la especialidad, Fontaine dijo: \u201cHa sido un trabajo en conjunto con la Federaci\u00f3n de Motociclismo de Chile (FMC), en especial con su presidente, Jos\u00e9 Tom\u00e1s Diaz, con quien hemos trabajado para conseguir que Atacama Rally siga estando en el circuito mundial\u201d, contesta Fontaine y contin\u00faa\u2026<\/p>\n<p style=\"text-align: center;\"><strong>-\u00bfQu\u00e9 significa para Chile contar con estas dos fechas?<\/strong><\/p>\n<p>-Es importante, ya que nos permite seguir teniendo un evento deportivo de car\u00e1cter mundial en Chile, y en especial en una carrera de alto prestigio como es el Atacama Rally.<\/p>\n<p style=\"text-align: center;\"><strong>-\u00bfCu\u00e1l es la diferencia entre el Campeonato del Mundo de Rally Cross Country FIM y la Copa del Mundo de Bajas FIM?<\/strong><\/p>\n<p>-Principalmente en los kil\u00f3metros recorridos, ya que las Bajas tiene un m\u00e1ximo de 400 kil\u00f3metros por todo el evento. Por eso realizaremos dos fechas: una los dos primeros d\u00edas y la siguiente en los dos \u00faltimos con un d\u00eda de descanso entre ellas. Sin embargo, Atacama Rally ser\u00e1 tambi\u00e9n una fecha Internacional de la FIM (Federaci\u00f3n Internacional de Motociclismo). La inscribimos en el circuito internacional como evento v\u00e1lido. Eso nos permite efectuar un rally cross country de 5 etapas y ser\u00e1n los pilotos quienes elijan en qu\u00e9 formato correr, ya sea Baja, Cross Country o combinado.<\/p>\n<p>Pero no solo ser\u00e1 la categor\u00eda motos la \u00fanica en competencia. Conjuntamente ser\u00e1\u00a0 abierto a la categor\u00eda autos y SSV (Side by Side o UTV). La idea de Gerardo Fontaine es tener un evento candidato FIA (Federaci\u00f3n Internacional de Automovilismo) que ser\u00e1 el mayor objetivo en 2021 para en el futuro ser parte de la Copa del Mundo FIA.<\/p>\n<p>El nivel de los pilotos que podr\u00edan llegar es de gran categor\u00eda, porque varios de ellos participan cada a\u00f1o en el Dakar, pero todo depender\u00e1 de c\u00f3mo evolucione la pandemia tanto en Chile como en el mundo.<\/p>\n<p>Las Bajas son eventos muy diferentes al Rally Cross Country, pues no existen equipos factory u oficiales compitiendo en el certamen, y los presupuestos de los pilotos privados son mucho menores. Sin embargo, por ser una fecha internacional vendr\u00e1n a Chile los pilotos oficiales de cada equipo pues el Atacama Rally es conocido en todo el orbe y es atractivo para los pilotos.<\/p>\n<p><strong>Fechas copa del mundo de Bajas FIM 2021<\/strong><\/p>\n<p><strong>N\u00b0\u00a0\u00a0\u00a0\u00a0\u00a0\u00a0\u00a0 Fecha\u00a0\u00a0\u00a0\u00a0\u00a0\u00a0\u00a0\u00a0\u00a0\u00a0\u00a0\u00a0\u00a0\u00a0\u00a0\u00a0\u00a0\u00a0\u00a0\u00a0\u00a0\u00a0\u00a0\u00a0\u00a0 Evento\u00a0\u00a0\u00a0\u00a0\u00a0\u00a0\u00a0\u00a0\u00a0\u00a0\u00a0\u00a0\u00a0\u00a0\u00a0\u00a0\u00a0\u00a0\u00a0\u00a0\u00a0\u00a0\u00a0\u00a0\u00a0\u00a0\u00a0\u00a0\u00a0\u00a0\u00a0\u00a0\u00a0\u00a0\u00a0 Ciudad\u00a0\u00a0\u00a0\u00a0\u00a0\u00a0\u00a0\u00a0\u00a0\u00a0\u00a0 Pa\u00eds<\/strong><\/p>\n<p>1 \u00a0\u00a0\u00a0\u00a0\u00a0\u00a0 18 al 20 febrero\u00a0\u00a0\u00a0\u00a0\u00a0\u00a0\u00a0\u00a0\u00a0 Dubai Internacional Bajas\u00a0\u00a0\u00a0\u00a0\u00a0 Dubai\u00a0\u00a0\u00a0\u00a0\u00a0\u00a0\u00a0\u00a0\u00a0\u00a0\u00a0\u00a0\u00a0 Emiratos \u00c1rabes<\/p>\n<p>2\u00aa\u00a0\u00a0\u00a0\u00a0\u00a0\u00a0\u00a0 18 al 20 marzo\u00a0\u00a0\u00a0\u00a0\u00a0\u00a0\u00a0\u00a0\u00a0\u00a0\u00a0 Jordania Bajas\u00a0\u00a0\u00a0\u00a0\u00a0\u00a0\u00a0\u00a0\u00a0\u00a0\u00a0\u00a0\u00a0\u00a0\u00a0\u00a0\u00a0\u00a0\u00a0\u00a0\u00a0\u00a0\u00a0 Aqaba\u00a0\u00a0\u00a0\u00a0\u00a0\u00a0\u00a0\u00a0\u00a0\u00a0\u00a0\u00a0 Jordania<\/p>\n<p>3\u00aa \u00a0\u00a0\u00a0\u00a0\u00a0\u00a0 8 al 10 abril\u00a0\u00a0\u00a0\u00a0\u00a0\u00a0\u00a0\u00a0\u00a0\u00a0\u00a0\u00a0\u00a0\u00a0\u00a0 Qatar Internacional Bajas\u00a0\u00a0\u00a0\u00a0\u00a0 Doha\u00a0\u00a0\u00a0\u00a0\u00a0\u00a0\u00a0\u00a0\u00a0\u00a0\u00a0\u00a0\u00a0\u00a0 Qatar<\/p>\n<p>4\u00aa\u00a0\u00a0\u00a0\u00a0\u00a0\u00a0\u00a0 28 al 30 mayo\u00a0\u00a0\u00a0\u00a0\u00a0\u00a0\u00a0\u00a0\u00a0\u00a0\u00a0\u00a0 Baja do Pinhal\u00a0\u00a0\u00a0\u00a0\u00a0\u00a0\u00a0\u00a0\u00a0\u00a0\u00a0\u00a0\u00a0\u00a0\u00a0\u00a0\u00a0\u00a0\u00a0\u00a0\u00a0\u00a0\u00a0 Serta\u00a0\u00a0\u00a0\u00a0\u00a0\u00a0\u00a0\u00a0\u00a0\u00a0\u00a0\u00a0\u00a0\u00a0 Portugal<\/p>\n<p>5\u00aa\u00a0\u00a0\u00a0\u00a0\u00a0\u00a0\u00a0 17 al 19 junio\u00a0\u00a0\u00a0\u00a0\u00a0\u00a0\u00a0\u00a0\u00a0\u00a0\u00a0\u00a0\u00a0 Baja Jalapao 500\u00a0\u00a0\u00a0\u00a0\u00a0\u00a0\u00a0\u00a0\u00a0\u00a0\u00a0\u00a0\u00a0\u00a0\u00a0\u00a0\u00a0\u00a0\u00a0 Sao Felix\u00a0\u00a0\u00a0\u00a0\u00a0\u00a0\u00a0\u00a0 Brasil<\/p>\n<p>6\u00aa\u00a0\u00a0\u00a0\u00a0\u00a0\u00a0\u00a0 23 al 25 julio\u00a0\u00a0\u00a0\u00a0\u00a0\u00a0\u00a0\u00a0\u00a0\u00a0\u00a0\u00a0\u00a0\u00a0 Baja Arag\u00f3n\u00a0\u00a0\u00a0\u00a0\u00a0\u00a0\u00a0\u00a0\u00a0\u00a0\u00a0\u00a0\u00a0\u00a0\u00a0\u00a0\u00a0\u00a0\u00a0\u00a0\u00a0\u00a0\u00a0\u00a0\u00a0\u00a0\u00a0 Teruel\u00a0\u00a0\u00a0\u00a0\u00a0\u00a0\u00a0\u00a0\u00a0\u00a0\u00a0\u00a0 Espa\u00f1a<\/p>\n<p>7\u00aa\u00a0\u00a0\u00a0\u00a0\u00a0\u00a0\u00a0 5 al 8 agosto\u00a0\u00a0\u00a0\u00a0\u00a0\u00a0\u00a0\u00a0\u00a0\u00a0\u00a0\u00a0\u00a0\u00a0 Hungr\u00eda Baja\u00a0\u00a0\u00a0\u00a0\u00a0\u00a0\u00a0\u00a0\u00a0\u00a0\u00a0\u00a0\u00a0\u00a0\u00a0\u00a0\u00a0\u00a0\u00a0\u00a0\u00a0\u00a0\u00a0\u00a0\u00a0 Varpalota\u00a0\u00a0\u00a0\u00a0\u00a0\u00a0\u00a0 Hungr\u00eda<\/p>\n<p><strong>8\u00aa\u00a0\u00a0\u00a0\u00a0\u00a0\u00a0\u00a0 29 agosto al 1 Sept.\u00a0\u00a0 Atacama Rally Baja\u00a0\u00a0\u00a0\u00a0\u00a0\u00a0\u00a0\u00a0\u00a0\u00a0\u00a0\u00a0\u00a0\u00a0 Copiap\u00f3\u00a0\u00a0\u00a0\u00a0\u00a0\u00a0\u00a0\u00a0 Chile<\/strong><\/p>\n<p><strong>9\u00aa\u00a0\u00a0\u00a0\u00a0\u00a0\u00a0\u00a0 2 al 4 septiembre\u00a0\u00a0\u00a0\u00a0\u00a0\u00a0 Atacama Rally Baja\u00a0\u00a0\u00a0\u00a0\u00a0\u00a0\u00a0\u00a0\u00a0\u00a0\u00a0\u00a0\u00a0\u00a0 Copiap\u00f3\u00a0\u00a0\u00a0\u00a0\u00a0\u00a0\u00a0\u00a0 Chile<\/strong><\/p>\n<p>10\u00aa\u00a0\u00a0\u00a0\u00a0\u00a0 28 al 30 octubre\u00a0\u00a0\u00a0\u00a0\u00a0\u00a0\u00a0\u00a0 Baja Portalegre\u00a0\u00a0\u00a0\u00a0\u00a0\u00a0\u00a0\u00a0\u00a0\u00a0\u00a0\u00a0\u00a0\u00a0\u00a0\u00a0\u00a0\u00a0\u00a0\u00a0\u00a0 Portalegre\u00a0\u00a0\u00a0\u00a0\u00a0 Portugal<\/p>\n","protected":false},"excerpt":{"rendered":"<p>Por primera vez en Chile se realizar\u00e1n dos fechas por la Copa del Mundo de Bajas Cross Country FIM en 2021, un evento que hasta&hellip; <\/p>\n","protected":false},"author":2,"featured_media":34115,"comment_status":"open","ping_status":"closed","sticky":false,"template":"","format":"standard","meta":{"footnotes":""},"categories":[7],"tags":[],"class_list":["post-34114","post","type-post","status-publish","format-standard","has-post-thumbnail","hentry","category-atacama"],"_links":{"self":[{"href":"https:\/\/www.radioamigavallenar.cl\/index.php?rest_route=\/wp\/v2\/posts\/34114","targetHints":{"allow":["GET"]}}],"collection":[{"href":"https:\/\/www.radioamigavallenar.cl\/index.php?rest_route=\/wp\/v2\/posts"}],"about":[{"href":"https:\/\/www.radioamigavallenar.cl\/index.php?rest_route=\/wp\/v2\/types\/post"}],"author":[{"embeddable":true,"href":"https:\/\/www.radioamigavallenar.cl\/index.php?rest_route=\/wp\/v2\/users\/2"}],"replies":[{"embeddable":true,"href":"https:\/\/www.radioamigavallenar.cl\/index.php?rest_route=%2Fwp%2Fv2%2Fcomments&post=34114"}],"version-history":[{"count":1,"href":"https:\/\/www.radioamigavallenar.cl\/index.php?rest_route=\/wp\/v2\/posts\/34114\/revisions"}],"predecessor-version":[{"id":34116,"href":"https:\/\/www.radioamigavallenar.cl\/index.php?rest_route=\/wp\/v2\/posts\/34114\/revisions\/34116"}],"wp:featuredmedia":[{"embeddable":true,"href":"https:\/\/www.radioamigavallenar.cl\/index.php?rest_route=\/wp\/v2\/media\/34115"}],"wp:attachment":[{"href":"https:\/\/www.radioamigavallenar.cl\/index.php?rest_route=%2Fwp%2Fv2%2Fmedia&parent=34114"}],"wp:term":[{"taxonomy":"category","embeddable":true,"href":"https:\/\/www.radioamigavallenar.cl\/index.php?rest_route=%2Fwp%2Fv2%2Fcategories&post=34114"},{"taxonomy":"post_tag","embeddable":true,"href":"https:\/\/www.radioamigavallenar.cl\/index.php?rest_route=%2Fwp%2Fv2%2Ftags&post=34114"}],"curies":[{"name":"wp","href":"https:\/\/api.w.org\/{rel}","templated":true}]}}