{"id":34105,"date":"2020-12-30T07:10:42","date_gmt":"2020-12-30T10:10:42","guid":{"rendered":"https:\/\/www.radioamigavallenar.cl\/?p=34105"},"modified":"2020-12-30T07:10:42","modified_gmt":"2020-12-30T10:10:42","slug":"realizan-operativo-de-pesquisa-activa-en-la-caleta-chanaral-de-aceituno","status":"publish","type":"post","link":"https:\/\/www.radioamigavallenar.cl\/?p=34105","title":{"rendered":"Realizan operativo de pesquisa activa en la  Caleta Cha\u00f1aral de Aceituno"},"content":{"rendered":"<p>El equipo de salud municipal de Freirina se traslad\u00f3 hasta la zona costera para realizar junto al Servicio de Salud de Atacama un nuevo operativo de PCR para pesquisar posibles casos positivos de coronavirus.<\/p>\n<p>El equipo de salud municipal del Cesfam \u00abPracticante Oscar Ru\u00edz Toro\u00bb de Freirina, realiz\u00f3 un operativo de b\u00fasqueda activa a trav\u00e9s de PCR de saliva para pesquisar posibles casos positivos de coronavirus en la Caleta Cha\u00f1aral de Aceituno.<\/p>\n<p>Esta acci\u00f3n obedece a una sentida demanda de la comunidad organizada, pero adem\u00e1s en el marco de las estrategias de salud comunitaria implementadas por el recinto de salud freirinense desde un inicio de la pandemia. La actividad se desarroll\u00f3 de manera conjunta con profesionales del Servicio de Salud de Atacama, equipo que se traslad\u00f3 desde Copiap\u00f3 hasta la zona costa de Freirina.<\/p>\n<p>Sobre el operativo, el Director del Cesfam Gonzalo Opazo, explic\u00f3 que esta actividad \u00abresponde a la necesidad de seguir potenciando el mensaje de prevenci\u00f3n y sobre todo de autocuidado que todos los turistas que vienen al sector deben tener: el uso de mascarilla, el lavado frecuente de manos y el distanciamiento f\u00edsico. Esto es esencial para que este sector, que es tur\u00edstico, y que permite la visita de personas de distintos puntos del pa\u00eds, se mantenga permanentemente con todas las medidas que se requieran, para no estar lamentando futuros contagios, que puedan mermar tambi\u00e9n la situaci\u00f3n econ\u00f3mica de los vecinos de este sector\u00bb.<\/p>\n<p>Opazo coment\u00f3 que este tipo de operativos se seguir\u00e1n implementando durante toda la temporada estival siempre y cuando sea necesario hacerlo, toda vez que insisti\u00f3 en la autoprotecci\u00f3n como una medida concreta ante la amenaza del covid19.<\/p>\n<p>Cabe destacar que la jornada tambi\u00e9n fue propicia para hacer entrega de folleter\u00eda con mensajes preventivos a los due\u00f1os de almacenes y restaurantes de la localidad, afiches con medidas del \u201cPlan paso a paso\u201d, que ha implementado el Ministerio de Salud, donde los locatarios tuvieron una muy buena recepci\u00f3n del material entregado, al tiempo que comprometieron poner todo de su parte para sumarse a las distintas campa\u00f1as informativas y educativas impulsadas desde el Cesfam.<\/p>\n<p>Finalmente el director del Centro de Salud Familiar, agradeci\u00f3 el compromiso de los y las funcionarias de la salud, quienes han estado siempre dispuestos a trabajar por el bien de la comunidad, de manera especial en aquellos sectores m\u00e1s apartados de la comuna.<\/p>\n","protected":false},"excerpt":{"rendered":"<p>El equipo de salud municipal de Freirina se traslad\u00f3 hasta la zona costera para realizar junto al Servicio de Salud de Atacama un nuevo operativo&hellip; <\/p>\n","protected":false},"author":2,"featured_media":34106,"comment_status":"open","ping_status":"closed","sticky":false,"template":"","format":"standard","meta":{"footnotes":""},"categories":[7],"tags":[],"class_list":["post-34105","post","type-post","status-publish","format-standard","has-post-thumbnail","hentry","category-atacama"],"_links":{"self":[{"href":"https:\/\/www.radioamigavallenar.cl\/index.php?rest_route=\/wp\/v2\/posts\/34105","targetHints":{"allow":["GET"]}}],"collection":[{"href":"https:\/\/www.radioamigavallenar.cl\/index.php?rest_route=\/wp\/v2\/posts"}],"about":[{"href":"https:\/\/www.radioamigavallenar.cl\/index.php?rest_route=\/wp\/v2\/types\/post"}],"author":[{"embeddable":true,"href":"https:\/\/www.radioamigavallenar.cl\/index.php?rest_route=\/wp\/v2\/users\/2"}],"replies":[{"embeddable":true,"href":"https:\/\/www.radioamigavallenar.cl\/index.php?rest_route=%2Fwp%2Fv2%2Fcomments&post=34105"}],"version-history":[{"count":1,"href":"https:\/\/www.radioamigavallenar.cl\/index.php?rest_route=\/wp\/v2\/posts\/34105\/revisions"}],"predecessor-version":[{"id":34107,"href":"https:\/\/www.radioamigavallenar.cl\/index.php?rest_route=\/wp\/v2\/posts\/34105\/revisions\/34107"}],"wp:featuredmedia":[{"embeddable":true,"href":"https:\/\/www.radioamigavallenar.cl\/index.php?rest_route=\/wp\/v2\/media\/34106"}],"wp:attachment":[{"href":"https:\/\/www.radioamigavallenar.cl\/index.php?rest_route=%2Fwp%2Fv2%2Fmedia&parent=34105"}],"wp:term":[{"taxonomy":"category","embeddable":true,"href":"https:\/\/www.radioamigavallenar.cl\/index.php?rest_route=%2Fwp%2Fv2%2Fcategories&post=34105"},{"taxonomy":"post_tag","embeddable":true,"href":"https:\/\/www.radioamigavallenar.cl\/index.php?rest_route=%2Fwp%2Fv2%2Ftags&post=34105"}],"curies":[{"name":"wp","href":"https:\/\/api.w.org\/{rel}","templated":true}]}}