{"id":34101,"date":"2020-12-30T06:00:50","date_gmt":"2020-12-30T09:00:50","guid":{"rendered":"https:\/\/www.radioamigavallenar.cl\/?p=34101"},"modified":"2020-12-29T21:14:26","modified_gmt":"2020-12-30T00:14:26","slug":"gobernadora-coordina-mesas-de-trabajo-con-la-cut-en-la-provincia-del-huasco","status":"publish","type":"post","link":"https:\/\/www.radioamigavallenar.cl\/?p=34101","title":{"rendered":"Gobernadora coordina mesas de trabajo con la Cut en la provincia del Huasco"},"content":{"rendered":"<p>Una interesante reuni\u00f3n de trabajo con representantes de gremios que integran la Central Unitaria de Trabajadores en la provincia del Huasco, sostuvo este lunes, la Gobernadora de la Provincia, Nelly Galeb Bou.<\/p>\n<p>En la instancia se analizaron una diversidad de temas relacionados que afectan a los gremios, del mismo modo que se solicit\u00f3 la gesti\u00f3n del Gobierno Provincial para avanzar en la atenci\u00f3n de las problem\u00e1ticas planteadas. Del mismo se coordin\u00f3 establecer mesas de trabajo de manera sectorial, con la Autoridad de Gobierno en la zona, de tal manera de ir avanzado en las acciones que permita abordar las v\u00edas de acci\u00f3n para la soluci\u00f3n de los temas planteados.<\/p>\n","protected":false},"excerpt":{"rendered":"<p>Una interesante reuni\u00f3n de trabajo con representantes de gremios que integran la Central Unitaria de Trabajadores en la provincia del Huasco, sostuvo este lunes, la&hellip; <\/p>\n","protected":false},"author":2,"featured_media":34102,"comment_status":"open","ping_status":"closed","sticky":false,"template":"","format":"standard","meta":{"footnotes":""},"categories":[7],"tags":[],"class_list":["post-34101","post","type-post","status-publish","format-standard","has-post-thumbnail","hentry","category-atacama"],"_links":{"self":[{"href":"https:\/\/www.radioamigavallenar.cl\/index.php?rest_route=\/wp\/v2\/posts\/34101","targetHints":{"allow":["GET"]}}],"collection":[{"href":"https:\/\/www.radioamigavallenar.cl\/index.php?rest_route=\/wp\/v2\/posts"}],"about":[{"href":"https:\/\/www.radioamigavallenar.cl\/index.php?rest_route=\/wp\/v2\/types\/post"}],"author":[{"embeddable":true,"href":"https:\/\/www.radioamigavallenar.cl\/index.php?rest_route=\/wp\/v2\/users\/2"}],"replies":[{"embeddable":true,"href":"https:\/\/www.radioamigavallenar.cl\/index.php?rest_route=%2Fwp%2Fv2%2Fcomments&post=34101"}],"version-history":[{"count":1,"href":"https:\/\/www.radioamigavallenar.cl\/index.php?rest_route=\/wp\/v2\/posts\/34101\/revisions"}],"predecessor-version":[{"id":34103,"href":"https:\/\/www.radioamigavallenar.cl\/index.php?rest_route=\/wp\/v2\/posts\/34101\/revisions\/34103"}],"wp:featuredmedia":[{"embeddable":true,"href":"https:\/\/www.radioamigavallenar.cl\/index.php?rest_route=\/wp\/v2\/media\/34102"}],"wp:attachment":[{"href":"https:\/\/www.radioamigavallenar.cl\/index.php?rest_route=%2Fwp%2Fv2%2Fmedia&parent=34101"}],"wp:term":[{"taxonomy":"category","embeddable":true,"href":"https:\/\/www.radioamigavallenar.cl\/index.php?rest_route=%2Fwp%2Fv2%2Fcategories&post=34101"},{"taxonomy":"post_tag","embeddable":true,"href":"https:\/\/www.radioamigavallenar.cl\/index.php?rest_route=%2Fwp%2Fv2%2Ftags&post=34101"}],"curies":[{"name":"wp","href":"https:\/\/api.w.org\/{rel}","templated":true}]}}