{"id":34098,"date":"2020-12-30T06:00:00","date_gmt":"2020-12-30T09:00:00","guid":{"rendered":"https:\/\/www.radioamigavallenar.cl\/?p=34098"},"modified":"2020-12-29T21:13:30","modified_gmt":"2020-12-30T00:13:30","slug":"gobernadora-del-huasco-comparte-mensaje-de-fe-y-optimismo-ante-la-llegada-del-nuevo-ano","status":"publish","type":"post","link":"https:\/\/www.radioamigavallenar.cl\/?p=34098","title":{"rendered":"Gobernadora del Huasco comparte mensaje de fe y optimismo ante la llegada del nuevo a\u00f1o"},"content":{"rendered":"<p>Acompa\u00f1ando al equipo de gesti\u00f3n territorial, la Gobernadora Provincial del Huasco encabez\u00f3 una nueva jornada del programa Gobierno en Terreno, dialogando con los vecinos del sector, compartiendo informaci\u00f3n referida al plan Paso a Paso para las actividades de Fin de a\u00f1o, y reiterando el llamado a la poblaci\u00f3n a respetar los protocolos sanitarios, al autocuidado y la responsabilidad de todos.<\/p>\n<p>Junto con ello, Nelly Galeb, comparti\u00f3 informaci\u00f3n respecto de las pol\u00edticas p\u00fablicas que ha implementado el Gobierno durante este a\u00f1o y del gran esfuerzo desplegado para ir en atenci\u00f3n de las principales demandas de la poblaci\u00f3n y de los sectores mas vulnerables y los que han recibido el mayor impacto producto de la Pandemia que nos afecta.<\/p>\n<p>En la ocasi\u00f3n la Gobernadora, manifest\u00f3 su mensaje de optimismo de fe y confianza en lo que ha de venir p\u00e1ra el territorio nacional, tambi\u00e9n destac\u00f3 \u00abEl Gobierno del Presidente Sebastian Pi\u00f1era, ha mostrado la capacidad de un gran equipo que ha generado las oportunidades y las herramientas necesarias para hacer frente a las dificultades que nos ha traido este a\u00f1o, hoy d\u00eda nos encontramos liderando el proceso de vacunaci\u00f3n contra el coronavirus en Am\u00e9rica Latina, y esperamos con ello seguir avanzando en la busqueda de ese tiempo nuevo que todos anhelamos\u00bb, expres\u00f3.<\/p>\n<p>En la jornada se cont\u00f3 con la participaci\u00f3n del programa \u00abMascota Protegida, la atenci\u00f3n de la oficina provincial de Conadi y la promoci\u00f3n de la Campa\u00f1a de eliminaci\u00f3n de bolsas pl\u00e1sticas y las principales acciones del Programa de Fortalecimiento a la Gesti\u00f3n Provincial en Protecci\u00f3n Social de la Gobernaci\u00f3n Provincial.<\/p>\n","protected":false},"excerpt":{"rendered":"<p>Acompa\u00f1ando al equipo de gesti\u00f3n territorial, la Gobernadora Provincial del Huasco encabez\u00f3 una nueva jornada del programa Gobierno en Terreno, dialogando con los vecinos del&hellip; <\/p>\n","protected":false},"author":2,"featured_media":34099,"comment_status":"open","ping_status":"closed","sticky":false,"template":"","format":"standard","meta":{"footnotes":""},"categories":[7],"tags":[],"class_list":["post-34098","post","type-post","status-publish","format-standard","has-post-thumbnail","hentry","category-atacama"],"_links":{"self":[{"href":"https:\/\/www.radioamigavallenar.cl\/index.php?rest_route=\/wp\/v2\/posts\/34098","targetHints":{"allow":["GET"]}}],"collection":[{"href":"https:\/\/www.radioamigavallenar.cl\/index.php?rest_route=\/wp\/v2\/posts"}],"about":[{"href":"https:\/\/www.radioamigavallenar.cl\/index.php?rest_route=\/wp\/v2\/types\/post"}],"author":[{"embeddable":true,"href":"https:\/\/www.radioamigavallenar.cl\/index.php?rest_route=\/wp\/v2\/users\/2"}],"replies":[{"embeddable":true,"href":"https:\/\/www.radioamigavallenar.cl\/index.php?rest_route=%2Fwp%2Fv2%2Fcomments&post=34098"}],"version-history":[{"count":1,"href":"https:\/\/www.radioamigavallenar.cl\/index.php?rest_route=\/wp\/v2\/posts\/34098\/revisions"}],"predecessor-version":[{"id":34100,"href":"https:\/\/www.radioamigavallenar.cl\/index.php?rest_route=\/wp\/v2\/posts\/34098\/revisions\/34100"}],"wp:featuredmedia":[{"embeddable":true,"href":"https:\/\/www.radioamigavallenar.cl\/index.php?rest_route=\/wp\/v2\/media\/34099"}],"wp:attachment":[{"href":"https:\/\/www.radioamigavallenar.cl\/index.php?rest_route=%2Fwp%2Fv2%2Fmedia&parent=34098"}],"wp:term":[{"taxonomy":"category","embeddable":true,"href":"https:\/\/www.radioamigavallenar.cl\/index.php?rest_route=%2Fwp%2Fv2%2Fcategories&post=34098"},{"taxonomy":"post_tag","embeddable":true,"href":"https:\/\/www.radioamigavallenar.cl\/index.php?rest_route=%2Fwp%2Fv2%2Ftags&post=34098"}],"curies":[{"name":"wp","href":"https:\/\/api.w.org\/{rel}","templated":true}]}}