{"id":34096,"date":"2020-12-29T12:52:53","date_gmt":"2020-12-29T15:52:53","guid":{"rendered":"https:\/\/www.radioamigavallenar.cl\/?p=34096"},"modified":"2020-12-29T12:52:53","modified_gmt":"2020-12-29T15:52:53","slug":"presidente-sebastian-pinera-confirma-cierre-de-central-termoelectrica-ventanas-1","status":"publish","type":"post","link":"https:\/\/www.radioamigavallenar.cl\/?p=34096","title":{"rendered":"Presidente Sebasti\u00e1n Pi\u00f1era confirma cierre de central termoel\u00e9ctrica Ventanas 1"},"content":{"rendered":"<p>Este martes el presidente Sebasti\u00e1n Pi\u00f1era que se logr\u00f3 un acuerdo que permitir\u00e1 iniciar un plan que permitir\u00e1 iniciar un cierre paulatino de las centrales termoel\u00e9ctricas en el pa\u00eds.<\/p>\n<p>Seg\u00fan lo indicado por el mandatario, con esto se busca proteger el medio ambiente, pero a la vez, no poner en riesgo el abastecimiento de energ\u00eda el\u00e9ctrica de las familias chilenas ni que aumente el precio de esta.<\/p>\n<p>As\u00ed, tambi\u00e9n se refiri\u00f3 a la preocupaci\u00f3n en reemplazar los empleos que se pierden por el cierre de la central.<\/p>\n<p>\u201cEl plan original contemplaba el cierre de ocho centrales terminas a carb\u00f3n en un plazo de cinco a\u00f1os, pero estamos acelerando ese plan\u201d, indic\u00f3 la autoridad.<\/p>\n<p>De acuerdo al mandatario, a estas ocho se sum\u00f3 el adelant\u00f3 en el cierre de Mejillones I y II, adem\u00e1s de la central Bocamina, lo que significar\u00e1 que se cerrar\u00e1 11 centrales a carb\u00f3n antes del 2024.<\/p>\n<p>\u201cEsto equivale a cerrar el 31% del total de la capacidad instalada de generaci\u00f3n el\u00e9ctrica en nuestro pa\u00eds\u201d, agreg\u00f3 el presidente Pi\u00f1era.<\/p>\n<p>De esta forma, se\u00f1al\u00f3 que la sustituci\u00f3n de estas energ\u00edas ser\u00e1 en base a aquellas que no generen un impacto ambiental al pa\u00eds, para ir hacia una matriz m\u00e1s limpias y eficiente. \u201cChile fue pobre en las energ\u00edas del pasado. No ten\u00edamos suficiente carb\u00f3n, ni petr\u00f3leo, ni gas, por eso import\u00e1bamos nuestra energ\u00eda (\u2026) pero somos inmersamente rico en las energ\u00edas del futuro\u201d, indic\u00f3.<\/p>\n","protected":false},"excerpt":{"rendered":"<p>Este martes el presidente Sebasti\u00e1n Pi\u00f1era que se logr\u00f3 un acuerdo que permitir\u00e1 iniciar un plan que permitir\u00e1 iniciar un cierre paulatino de las centrales&hellip; <\/p>\n","protected":false},"author":2,"featured_media":33040,"comment_status":"open","ping_status":"closed","sticky":false,"template":"","format":"standard","meta":{"footnotes":""},"categories":[38],"tags":[],"class_list":["post-34096","post","type-post","status-publish","format-standard","has-post-thumbnail","hentry","category-portada-regional"],"_links":{"self":[{"href":"https:\/\/www.radioamigavallenar.cl\/index.php?rest_route=\/wp\/v2\/posts\/34096","targetHints":{"allow":["GET"]}}],"collection":[{"href":"https:\/\/www.radioamigavallenar.cl\/index.php?rest_route=\/wp\/v2\/posts"}],"about":[{"href":"https:\/\/www.radioamigavallenar.cl\/index.php?rest_route=\/wp\/v2\/types\/post"}],"author":[{"embeddable":true,"href":"https:\/\/www.radioamigavallenar.cl\/index.php?rest_route=\/wp\/v2\/users\/2"}],"replies":[{"embeddable":true,"href":"https:\/\/www.radioamigavallenar.cl\/index.php?rest_route=%2Fwp%2Fv2%2Fcomments&post=34096"}],"version-history":[{"count":1,"href":"https:\/\/www.radioamigavallenar.cl\/index.php?rest_route=\/wp\/v2\/posts\/34096\/revisions"}],"predecessor-version":[{"id":34097,"href":"https:\/\/www.radioamigavallenar.cl\/index.php?rest_route=\/wp\/v2\/posts\/34096\/revisions\/34097"}],"wp:featuredmedia":[{"embeddable":true,"href":"https:\/\/www.radioamigavallenar.cl\/index.php?rest_route=\/wp\/v2\/media\/33040"}],"wp:attachment":[{"href":"https:\/\/www.radioamigavallenar.cl\/index.php?rest_route=%2Fwp%2Fv2%2Fmedia&parent=34096"}],"wp:term":[{"taxonomy":"category","embeddable":true,"href":"https:\/\/www.radioamigavallenar.cl\/index.php?rest_route=%2Fwp%2Fv2%2Fcategories&post=34096"},{"taxonomy":"post_tag","embeddable":true,"href":"https:\/\/www.radioamigavallenar.cl\/index.php?rest_route=%2Fwp%2Fv2%2Ftags&post=34096"}],"curies":[{"name":"wp","href":"https:\/\/api.w.org\/{rel}","templated":true}]}}