{"id":34093,"date":"2020-12-29T12:40:02","date_gmt":"2020-12-29T15:40:02","guid":{"rendered":"https:\/\/www.radioamigavallenar.cl\/?p=34093"},"modified":"2020-12-29T12:40:02","modified_gmt":"2020-12-29T15:40:02","slug":"reiteran-llamado-a-la-prevencion-y-no-uso-de-fuegos-artificiales","status":"publish","type":"post","link":"https:\/\/www.radioamigavallenar.cl\/?p=34093","title":{"rendered":"Reiteran llamado a la prevenci\u00f3n y no uso de fuegos artificiales"},"content":{"rendered":"<p style=\"text-align: center;\"><strong>\u201cNo usar \u2013 No comprar y No vender fuegos artificiales\u00bb.<\/strong><span id=\"more-231510\"><\/span><\/p>\n<p>&nbsp;<\/p>\n<p>Con el objetivo de prevenir la venta y uso de fuegos artificiales, Carabineros intensific\u00f3 el control y fiscalizaci\u00f3n en las calles de Copiap\u00f3,\u00a0 tendiente a evitar la venta ilegal de estos productos que pueden ocasionar graves da\u00f1os a ni\u00f1os, ni\u00f1as, adolescentes y a la familia en general.<\/p>\n<p>Por esta raz\u00f3n, el personal fortaleci\u00f3 sus mensajes reiterando el llamado a la comunidad a \u201cNo usar \u2013 No comprar y No vender fuegos artificiales \u00bb se\u00f1al\u00f3 el encargado de la oficina comunitaria, el suboficial Marcelo Vivanco, explicando que ellas buscan crear conciencia en las personas a erradicar el uso de fuegos de artificio debido a las consecuencias que conlleva la manipulaci\u00f3n de estos productos ilegales.<\/p>\n<p>No obstante este trabajo preventivo de Carabineros, dijo el suboficial Vivanco, los principales protagonistas en la prevenci\u00f3n son los padres, quienes deben evitar que sus hijos manipulen estos productos y por esta raz\u00f3n se reitera el llamado a la comunidad para que act\u00fae con responsabilidad y conciencia de seguridad, por cuanto estas fiestas no pueden ni deben verse empa\u00f1adas por actos irresponsables, que adem\u00e1s infringen la ley que proh\u00edbe el uso dom\u00e9stico de fuegos de artificio que el a\u00f1o 2019 dej\u00f3 con lesiones de diversa consideraci\u00f3n (quemaduras) a un menor de 13 a\u00f1os de la comuna de Tierra Amarilla.<\/p>\n<p style=\"text-align: center;\"><b>\u00a0<\/b><b>Riesgos de los fuegos artificiales<\/b><\/p>\n<p>Cualquier producto que contenga p\u00f3lvora puede suponer un riesgo, fuegos artificiales, bengalas, petardos, saltarinas, estrellitas y muchas otras variedades por cuanto al encenderse se pierde el control de su reacci\u00f3n, as\u00ed lo explic\u00f3 el encargado de la oficina comunitaria, suboficial Marcelo Vivanco al referirse sobre el peligro de estos elementos.<\/p>\n<p>Las lesiones relacionadas con los fuegos artificiales con mayor frecuencia ocurren en manos, dedos, ojos, cabeza y la cara. Estos provocan quemaduras, contusiones, laceraciones e incluso podr\u00edan llegar a producir amputaciones, agreg\u00f3. En este sentido detall\u00f3 los riesgos del uso irresponsable de estos elementos pirot\u00e9cnicos, por ejemplo las quemaduras que pueden incluso llegar a ser graves al inflamar la ropa que se est\u00e1 usando o el pelo, tambi\u00e9n una chispa puede afectar los ojos.<\/p>\n<p>Aunque parece que el \u00fanico peligro o riesgo de los fuegos artificiales son las quemaduras, las lesiones tambi\u00e9n est\u00e1n presentes y pueden causar graves da\u00f1os, incluso mutilaciones en las manos o los pies a causa de una explosi\u00f3n. Si se derrama p\u00f3lvora de forma accidental porque uno de los petardos o bengalas no est\u00e1 en buenas condiciones, esto podr\u00eda causar una explosi\u00f3n involuntaria que causa heridas, da\u00f1os o incluso p\u00e9rdidas en extremidades. Otro de los peligros o los riesgos de los fuegos artificiales o productos de pirotecnia tiene que ver con las lesiones auditivas, el hecho de estar frente a una explosi\u00f3n que cause demasiado estruendo puede causar problemas en los o\u00eddos, desde un trauma ac\u00fastico que dure unos d\u00edas hasta incluso problemas de audici\u00f3n. Tambi\u00e9n existe el riesgo de incendio, intoxicaciones y envenenamiento, por lo mismo es importante que las personas sean responsables y no ocupen estos elementos.<\/p>\n","protected":false},"excerpt":{"rendered":"<p>\u201cNo usar \u2013 No comprar y No vender fuegos artificiales\u00bb. &nbsp; Con el objetivo de prevenir la venta y uso de fuegos artificiales, Carabineros intensific\u00f3&hellip; <\/p>\n","protected":false},"author":2,"featured_media":34094,"comment_status":"open","ping_status":"closed","sticky":false,"template":"","format":"standard","meta":{"footnotes":""},"categories":[38],"tags":[],"class_list":["post-34093","post","type-post","status-publish","format-standard","has-post-thumbnail","hentry","category-portada-regional"],"_links":{"self":[{"href":"https:\/\/www.radioamigavallenar.cl\/index.php?rest_route=\/wp\/v2\/posts\/34093","targetHints":{"allow":["GET"]}}],"collection":[{"href":"https:\/\/www.radioamigavallenar.cl\/index.php?rest_route=\/wp\/v2\/posts"}],"about":[{"href":"https:\/\/www.radioamigavallenar.cl\/index.php?rest_route=\/wp\/v2\/types\/post"}],"author":[{"embeddable":true,"href":"https:\/\/www.radioamigavallenar.cl\/index.php?rest_route=\/wp\/v2\/users\/2"}],"replies":[{"embeddable":true,"href":"https:\/\/www.radioamigavallenar.cl\/index.php?rest_route=%2Fwp%2Fv2%2Fcomments&post=34093"}],"version-history":[{"count":1,"href":"https:\/\/www.radioamigavallenar.cl\/index.php?rest_route=\/wp\/v2\/posts\/34093\/revisions"}],"predecessor-version":[{"id":34095,"href":"https:\/\/www.radioamigavallenar.cl\/index.php?rest_route=\/wp\/v2\/posts\/34093\/revisions\/34095"}],"wp:featuredmedia":[{"embeddable":true,"href":"https:\/\/www.radioamigavallenar.cl\/index.php?rest_route=\/wp\/v2\/media\/34094"}],"wp:attachment":[{"href":"https:\/\/www.radioamigavallenar.cl\/index.php?rest_route=%2Fwp%2Fv2%2Fmedia&parent=34093"}],"wp:term":[{"taxonomy":"category","embeddable":true,"href":"https:\/\/www.radioamigavallenar.cl\/index.php?rest_route=%2Fwp%2Fv2%2Fcategories&post=34093"},{"taxonomy":"post_tag","embeddable":true,"href":"https:\/\/www.radioamigavallenar.cl\/index.php?rest_route=%2Fwp%2Fv2%2Ftags&post=34093"}],"curies":[{"name":"wp","href":"https:\/\/api.w.org\/{rel}","templated":true}]}}