{"id":340,"date":"2016-05-05T22:41:43","date_gmt":"2016-05-06T01:41:43","guid":{"rendered":"http:\/\/www.radioamigavallenar.cl\/?p=340"},"modified":"2016-05-05T22:41:43","modified_gmt":"2016-05-06T01:41:43","slug":"consejo-de-la-cultura-de-atacama-lanza-concurso-de-fotografia","status":"publish","type":"post","link":"https:\/\/www.radioamigavallenar.cl\/?p=340","title":{"rendered":"Consejo de la cultura de Atacama lanza concurso de fotograf\u00eda"},"content":{"rendered":"<p style=\"text-align: justify;\"><a href=\"http:\/\/www.radioamigavallenar.cl\/wp-content\/uploads\/2016\/05\/concurso-atacama.jpg\"><img loading=\"lazy\" decoding=\"async\" class=\" size-medium wp-image-342 aligncenter\" src=\"http:\/\/www.radioamigavallenar.cl\/wp-content\/uploads\/2016\/05\/concurso-atacama-300x140.jpg\" alt=\"concurso-atacama\" width=\"300\" height=\"140\" srcset=\"https:\/\/www.radioamigavallenar.cl\/wp-content\/uploads\/2016\/05\/concurso-atacama-300x140.jpg 300w, https:\/\/www.radioamigavallenar.cl\/wp-content\/uploads\/2016\/05\/concurso-atacama.jpg 700w\" sizes=\"auto, (max-width: 300px) 100vw, 300px\" \/><\/a><\/p>\n<p style=\"text-align: justify;\">\u201cPatrimonio vivo en tu barrio\u201d es el nombre del concurso fotogr\u00e1fico que dio a conocer la Directora Regional del Consejo de la Cultura, Catisis Lobos, en el marco de lo que ser\u00e1 la celebraci\u00f3n del D\u00eda del Patrimonio en Atacama.<\/p>\n<p style=\"text-align: justify;\">La convocatoria dirigida a estudiantes de ense\u00f1anza b\u00e1sica de todo el territorio busca incentivar entre los ni\u00f1os y ni\u00f1as el reconocimiento de aquellas pr\u00e1cticas, tradiciones y costumbres que forman parte del patrimonio inmaterial de los sectores, localidades y\/o poblaciones en las que viven. \u201cA trav\u00e9s de esta iniciativa queremos que las nuevas generaciones valoren su herencia cultural\u00a0 trav\u00e9s de su Patrimonio Cultural Inmaterial y con ello fortalecer la identidad local\u201d, se\u00f1al\u00f3 la Directora de Cultura, Catisis Lobos.<\/p>\n<p style=\"text-align: justify;\">La postulaci\u00f3n debe realizarse\u00a0 trav\u00e9s de un docente del establecimiento donde el participante est\u00e9 cursando estudios, a modo de patrocinador. De esta manera se busca involucrar a las comunidades educativas en la celebraci\u00f3n regional del D\u00eda del Patrimonio.<\/p>\n<p style=\"text-align: justify;\">Las fotograf\u00edas deber\u00e1n ser enviadas al correo electr\u00f3nico <a href=\"mailto:concurso.patrimonio.atacama@gmail.com\">concurso.patrimonio.atacama@gmail.com<\/a> hasta las 23:59 hrs. del 22 de mayo.<\/p>\n<p style=\"text-align: justify;\">Las fotograf\u00edas que cumplan con todos los requisitos explicitados en las bases ser\u00e1n publicadas en el Facebook institucional: Consejo de Cultura Atacama y competir\u00e1n atractivos premios que ser\u00e1n entregados en la ceremonia regional del D\u00eda del Patrimonio a realizarse el 29 de mayo en la comuna de Freirina.<\/p>\n<p style=\"text-align: justify;\">Descarga las base aqu\u00ed:\u00a0<a href=\"http:\/\/www.radioamigavallenar.cl\/wp-content\/uploads\/2016\/05\/Bases-concurso.pdf\" target=\"_blank\">Bases concurso<\/a><\/p>\n<p style=\"text-align: justify;\">\n<p style=\"text-align: justify;\">\n<p style=\"text-align: justify;\">\n","protected":false},"excerpt":{"rendered":"<p>\u201cPatrimonio vivo en tu barrio\u201d es el nombre del concurso fotogr\u00e1fico que dio a conocer la Directora Regional del Consejo de la Cultura, Catisis Lobos,&hellip; <\/p>\n","protected":false},"author":2,"featured_media":342,"comment_status":"open","ping_status":"closed","sticky":false,"template":"","format":"standard","meta":{"footnotes":""},"categories":[9],"tags":[],"class_list":["post-340","post","type-post","status-publish","format-standard","has-post-thumbnail","hentry","category-cultura"],"_links":{"self":[{"href":"https:\/\/www.radioamigavallenar.cl\/index.php?rest_route=\/wp\/v2\/posts\/340","targetHints":{"allow":["GET"]}}],"collection":[{"href":"https:\/\/www.radioamigavallenar.cl\/index.php?rest_route=\/wp\/v2\/posts"}],"about":[{"href":"https:\/\/www.radioamigavallenar.cl\/index.php?rest_route=\/wp\/v2\/types\/post"}],"author":[{"embeddable":true,"href":"https:\/\/www.radioamigavallenar.cl\/index.php?rest_route=\/wp\/v2\/users\/2"}],"replies":[{"embeddable":true,"href":"https:\/\/www.radioamigavallenar.cl\/index.php?rest_route=%2Fwp%2Fv2%2Fcomments&post=340"}],"version-history":[{"count":0,"href":"https:\/\/www.radioamigavallenar.cl\/index.php?rest_route=\/wp\/v2\/posts\/340\/revisions"}],"wp:featuredmedia":[{"embeddable":true,"href":"https:\/\/www.radioamigavallenar.cl\/index.php?rest_route=\/wp\/v2\/media\/342"}],"wp:attachment":[{"href":"https:\/\/www.radioamigavallenar.cl\/index.php?rest_route=%2Fwp%2Fv2%2Fmedia&parent=340"}],"wp:term":[{"taxonomy":"category","embeddable":true,"href":"https:\/\/www.radioamigavallenar.cl\/index.php?rest_route=%2Fwp%2Fv2%2Fcategories&post=340"},{"taxonomy":"post_tag","embeddable":true,"href":"https:\/\/www.radioamigavallenar.cl\/index.php?rest_route=%2Fwp%2Fv2%2Ftags&post=340"}],"curies":[{"name":"wp","href":"https:\/\/api.w.org\/{rel}","templated":true}]}}