{"id":3394,"date":"2017-01-02T13:29:59","date_gmt":"2017-01-02T16:29:59","guid":{"rendered":"http:\/\/www.radioamigavallenar.cl\/?p=3394"},"modified":"2017-01-02T13:29:59","modified_gmt":"2017-01-02T16:29:59","slug":"la-nueva-sala-de-prensa-virtual-%e2%80%8bpara-no-perderse-nada-del-dakar","status":"publish","type":"post","link":"https:\/\/www.radioamigavallenar.cl\/?p=3394","title":{"rendered":"La nueva sala de prensa virtual \u200bpara no perderse nada del Dakar"},"content":{"rendered":"<p style=\"text-align: justify;\"><a href=\"http:\/\/www.radioamigavallenar.cl\/wp-content\/uploads\/2017\/01\/unnamed.png\"><img loading=\"lazy\" decoding=\"async\" class=\" size-medium wp-image-3395 aligncenter\" src=\"http:\/\/www.radioamigavallenar.cl\/wp-content\/uploads\/2017\/01\/unnamed-300x231.png\" alt=\"unnamed\" width=\"300\" height=\"231\" srcset=\"https:\/\/www.radioamigavallenar.cl\/wp-content\/uploads\/2017\/01\/unnamed-300x231.png 300w, https:\/\/www.radioamigavallenar.cl\/wp-content\/uploads\/2017\/01\/unnamed.png 717w\" sizes=\"auto, (max-width: 300px) 100vw, 300px\" \/><\/a><\/p>\n<p style=\"text-align: justify;\"><strong>Todas las clasificaciones, las \u00faltimas noticias, las informaciones, las im\u00e1genes, los v\u00eddeos y los sonidos\u2026 \u00a1ahora todo accesible con un solo clic!<\/strong><\/p>\n<p style=\"text-align: justify;\">Este a\u00f1o, se ha creado un nuevo portal para poner a disposici\u00f3n de todos los medios los documentos oficiales \u00fatiles para presentar el Dakar 2017. Con el Media Content Pool, accesible a trav\u00e9s del espacio dedicado a los medios de <a href=\"http:\/\/newsmail.webstreaming.com.ar\/l\/MQMJJuDZCEvsSm1gQER9LQ\/Y763dZtQqwDXz892P4ToxKps763w\/o0yrbbx763Q3dYnbj89L1YRg\" target=\"_blank\" data-saferedirecturl=\"https:\/\/www.google.com\/url?hl=es&amp;q=http:\/\/newsmail.webstreaming.com.ar\/l\/MQMJJuDZCEvsSm1gQER9LQ\/Y763dZtQqwDXz892P4ToxKps763w\/o0yrbbx763Q3dYnbj89L1YRg&amp;source=gmail&amp;ust=1483450201848000&amp;usg=AFQjCNFabOE3EBH2X2vV5QCYwWC4Zzfi1w\">dakar.com<\/a>, los periodistas podr\u00e1n acceder a los comunicados cotidianos, a los clips video y a las fotograf\u00edas libres de derechos, as\u00ed como a las clasificaciones completas, ficheros audios de las entrevistas de los protagonistas de la carrera, etc. Tambi\u00e9n contar\u00e1n con informaci\u00f3n de \u00edndole m\u00e1s general: recorrido, historia, fichas biogr\u00e1ficas de pilotos y copilotos.<\/p>\n","protected":false},"excerpt":{"rendered":"<p>Todas las clasificaciones, las \u00faltimas noticias, las informaciones, las im\u00e1genes, los v\u00eddeos y los sonidos\u2026 \u00a1ahora todo accesible con un solo clic! Este a\u00f1o, se&hellip; <\/p>\n","protected":false},"author":2,"featured_media":3395,"comment_status":"open","ping_status":"closed","sticky":false,"template":"","format":"standard","meta":{"footnotes":""},"categories":[8],"tags":[],"class_list":["post-3394","post","type-post","status-publish","format-standard","has-post-thumbnail","hentry","category-deportes"],"_links":{"self":[{"href":"https:\/\/www.radioamigavallenar.cl\/index.php?rest_route=\/wp\/v2\/posts\/3394","targetHints":{"allow":["GET"]}}],"collection":[{"href":"https:\/\/www.radioamigavallenar.cl\/index.php?rest_route=\/wp\/v2\/posts"}],"about":[{"href":"https:\/\/www.radioamigavallenar.cl\/index.php?rest_route=\/wp\/v2\/types\/post"}],"author":[{"embeddable":true,"href":"https:\/\/www.radioamigavallenar.cl\/index.php?rest_route=\/wp\/v2\/users\/2"}],"replies":[{"embeddable":true,"href":"https:\/\/www.radioamigavallenar.cl\/index.php?rest_route=%2Fwp%2Fv2%2Fcomments&post=3394"}],"version-history":[{"count":0,"href":"https:\/\/www.radioamigavallenar.cl\/index.php?rest_route=\/wp\/v2\/posts\/3394\/revisions"}],"wp:featuredmedia":[{"embeddable":true,"href":"https:\/\/www.radioamigavallenar.cl\/index.php?rest_route=\/wp\/v2\/media\/3395"}],"wp:attachment":[{"href":"https:\/\/www.radioamigavallenar.cl\/index.php?rest_route=%2Fwp%2Fv2%2Fmedia&parent=3394"}],"wp:term":[{"taxonomy":"category","embeddable":true,"href":"https:\/\/www.radioamigavallenar.cl\/index.php?rest_route=%2Fwp%2Fv2%2Fcategories&post=3394"},{"taxonomy":"post_tag","embeddable":true,"href":"https:\/\/www.radioamigavallenar.cl\/index.php?rest_route=%2Fwp%2Fv2%2Ftags&post=3394"}],"curies":[{"name":"wp","href":"https:\/\/api.w.org\/{rel}","templated":true}]}}