{"id":3384,"date":"2017-01-02T13:16:47","date_gmt":"2017-01-02T16:16:47","guid":{"rendered":"http:\/\/www.radioamigavallenar.cl\/?p=3384"},"modified":"2017-01-02T13:16:47","modified_gmt":"2017-01-02T16:16:47","slug":"aparecio-en-chillan-exgendarme-que-se-llevo-a-sus-hijos-en-vallenar","status":"publish","type":"post","link":"https:\/\/www.radioamigavallenar.cl\/?p=3384","title":{"rendered":"Apareci\u00f3 en Chill\u00e1n exgendarme que se llev\u00f3 a sus hijos en Vallenar"},"content":{"rendered":"<p style=\"text-align: justify;\"><a href=\"http:\/\/www.radioamigavallenar.cl\/wp-content\/uploads\/2017\/01\/sename.jpg\"><img loading=\"lazy\" decoding=\"async\" class=\" size-medium wp-image-3385 aligncenter\" src=\"http:\/\/www.radioamigavallenar.cl\/wp-content\/uploads\/2017\/01\/sename-300x169.jpg\" alt=\"sename\" width=\"300\" height=\"169\" srcset=\"https:\/\/www.radioamigavallenar.cl\/wp-content\/uploads\/2017\/01\/sename-300x169.jpg 300w, https:\/\/www.radioamigavallenar.cl\/wp-content\/uploads\/2017\/01\/sename.jpg 700w\" sizes=\"auto, (max-width: 300px) 100vw, 300px\" \/><\/a><\/p>\n<p style=\"text-align: justify;\">En Chill\u00e1n culmin\u00f3 la b\u00fasqueda de un ex gendarme que se llev\u00f3 a sus hijos en Vallenar, los peque\u00f1os se encuentran en buen estado de salud y sus familiares est\u00e1n viajando para reencontrarse con ellos.<\/p>\n<p style=\"text-align: justify;\">El caso se hizo conocido a trav\u00e9s de las redes sociales, cuando la mam\u00e1 de uno de los peque\u00f1os public\u00f3 su preocupaci\u00f3n. El jueves pasado el padre se hab\u00eda llevado a la ni\u00f1a de un a\u00f1o nueve meses en una visita vigilada en un centro de Sename y adem\u00e1s su hijo de cinco a\u00f1os que estaba bajo su cuidado y deb\u00eda entregarlo a su madre el 30 de diciembre.<\/p>\n<p style=\"text-align: justify;\">Seg\u00fan los datos entregados por la familia, el padre lleg\u00f3 a la prefectura de Carabineros de Chill\u00e1n, ciudad donde \u00e9l es oriundo y los entreg\u00f3. La Fiscal\u00eda investiga las circunstancias en que la peque\u00f1a fue llevada por su padre.<\/p>\n<p style=\"text-align: justify;\">Cabe se\u00f1alar que el ex gendarme se llev\u00f3 a su hija desde un\u00a0centro colaborador del Sename en Vallenar en la tarde del jueves pasado cuando estaba en una visita supervigilada.<\/p>\n","protected":false},"excerpt":{"rendered":"<p>En Chill\u00e1n culmin\u00f3 la b\u00fasqueda de un ex gendarme que se llev\u00f3 a sus hijos en Vallenar, los peque\u00f1os se encuentran en buen estado de&hellip; <\/p>\n","protected":false},"author":2,"featured_media":3385,"comment_status":"open","ping_status":"closed","sticky":false,"template":"","format":"standard","meta":{"footnotes":""},"categories":[7],"tags":[],"class_list":["post-3384","post","type-post","status-publish","format-standard","has-post-thumbnail","hentry","category-atacama"],"_links":{"self":[{"href":"https:\/\/www.radioamigavallenar.cl\/index.php?rest_route=\/wp\/v2\/posts\/3384","targetHints":{"allow":["GET"]}}],"collection":[{"href":"https:\/\/www.radioamigavallenar.cl\/index.php?rest_route=\/wp\/v2\/posts"}],"about":[{"href":"https:\/\/www.radioamigavallenar.cl\/index.php?rest_route=\/wp\/v2\/types\/post"}],"author":[{"embeddable":true,"href":"https:\/\/www.radioamigavallenar.cl\/index.php?rest_route=\/wp\/v2\/users\/2"}],"replies":[{"embeddable":true,"href":"https:\/\/www.radioamigavallenar.cl\/index.php?rest_route=%2Fwp%2Fv2%2Fcomments&post=3384"}],"version-history":[{"count":0,"href":"https:\/\/www.radioamigavallenar.cl\/index.php?rest_route=\/wp\/v2\/posts\/3384\/revisions"}],"wp:featuredmedia":[{"embeddable":true,"href":"https:\/\/www.radioamigavallenar.cl\/index.php?rest_route=\/wp\/v2\/media\/3385"}],"wp:attachment":[{"href":"https:\/\/www.radioamigavallenar.cl\/index.php?rest_route=%2Fwp%2Fv2%2Fmedia&parent=3384"}],"wp:term":[{"taxonomy":"category","embeddable":true,"href":"https:\/\/www.radioamigavallenar.cl\/index.php?rest_route=%2Fwp%2Fv2%2Fcategories&post=3384"},{"taxonomy":"post_tag","embeddable":true,"href":"https:\/\/www.radioamigavallenar.cl\/index.php?rest_route=%2Fwp%2Fv2%2Ftags&post=3384"}],"curies":[{"name":"wp","href":"https:\/\/api.w.org\/{rel}","templated":true}]}}