{"id":3380,"date":"2017-01-02T11:48:09","date_gmt":"2017-01-02T14:48:09","guid":{"rendered":"http:\/\/www.radioamigavallenar.cl\/?p=3380"},"modified":"2017-01-02T11:48:09","modified_gmt":"2017-01-02T14:48:09","slug":"en-vallenar-detienen-a-familia-por-narcotrafico-15-dosis-de-cocaina-tenian-en-su-poder","status":"publish","type":"post","link":"https:\/\/www.radioamigavallenar.cl\/?p=3380","title":{"rendered":"En Vallenar detienen a familia por narcotr\u00e1fico: 15 dosis de coca\u00edna ten\u00edan en su poder"},"content":{"rendered":"<p style=\"text-align: justify;\"><span style=\"font-family: Arial, sans-serif;\"><a href=\"http:\/\/www.radioamigavallenar.cl\/wp-content\/uploads\/2017\/01\/Drogas-Vallenar.jpg\"><img loading=\"lazy\" decoding=\"async\" class=\" size-medium wp-image-3381 aligncenter\" src=\"http:\/\/www.radioamigavallenar.cl\/wp-content\/uploads\/2017\/01\/Drogas-Vallenar-300x214.jpg\" alt=\"drogas-vallenar\" width=\"300\" height=\"214\" srcset=\"https:\/\/www.radioamigavallenar.cl\/wp-content\/uploads\/2017\/01\/Drogas-Vallenar-300x214.jpg 300w, https:\/\/www.radioamigavallenar.cl\/wp-content\/uploads\/2017\/01\/Drogas-Vallenar.jpg 700w\" sizes=\"auto, (max-width: 300px) 100vw, 300px\" \/><\/a><br \/>\nDetectives del Grupo Microtr\u00e1fico Cero de Vallenar, en virtud a antecedentes obtenidos en relaci\u00f3n a que una familia se dedicaba al microtr\u00e1fico de drogas, iniciaron una investigaci\u00f3n coordinada con la Fiscal\u00eda Local de esa ciudad, estableciendo el il\u00edcito a trav\u00e9s de diversas diligencias investigativas, determinando la ubicaci\u00f3n de dos inmuebles colindantes, utilizados para la comercializaci\u00f3n de la droga y la individualizaci\u00f3n de los residentes que corresponde a una madre y su hija.<\/span><\/p>\n<p style=\"text-align: justify;\"><span style=\"font-family: Arial, sans-serif;\">Una vez otorgada la orden de entrada y registro para ambos domicilios, los detectives encontraron cerca de 15 mil dosis de Coca\u00edna Base avaluadas en $14.655.300, adem\u00e1s de 6 cartuchos de escopeta calibre 12 y 25 cartuchos calibre 22 y la incautaci\u00f3n de $182.000 pesos en dinero de distinta denominaci\u00f3n.<\/span><\/p>\n<p style=\"text-align: justify;\"><span style=\"font-family: Arial, sans-serif;\">Informados los hechos al Fiscal de la causa, instruy\u00f3 que los detenidos de sexo masculino quedaran apercibidos bajo el art\u00edculo 26 del C\u00f3digo Procesal Penal a la espera de la citaci\u00f3n por parte del Ministerio P\u00fablico, mientras que las detenidas fueron puestas a disposici\u00f3n del Juzgado de Garant\u00eda para el control de detenci\u00f3n correspondientes, cabe destacar que una de las mujeres registra antecedentes policiales por los delitos de Lesiones, Infracci\u00f3n a la Ley 20.000 y Receptaci\u00f3n en los a\u00f1os 2013 y 2015.<\/span><\/p>\n","protected":false},"excerpt":{"rendered":"<p>Detectives del Grupo Microtr\u00e1fico Cero de Vallenar, en virtud a antecedentes obtenidos en relaci\u00f3n a que una familia se dedicaba al microtr\u00e1fico de drogas, iniciaron&hellip; <\/p>\n","protected":false},"author":2,"featured_media":3381,"comment_status":"open","ping_status":"closed","sticky":false,"template":"","format":"standard","meta":{"footnotes":""},"categories":[6],"tags":[],"class_list":["post-3380","post","type-post","status-publish","format-standard","has-post-thumbnail","hentry","category-policial"],"_links":{"self":[{"href":"https:\/\/www.radioamigavallenar.cl\/index.php?rest_route=\/wp\/v2\/posts\/3380","targetHints":{"allow":["GET"]}}],"collection":[{"href":"https:\/\/www.radioamigavallenar.cl\/index.php?rest_route=\/wp\/v2\/posts"}],"about":[{"href":"https:\/\/www.radioamigavallenar.cl\/index.php?rest_route=\/wp\/v2\/types\/post"}],"author":[{"embeddable":true,"href":"https:\/\/www.radioamigavallenar.cl\/index.php?rest_route=\/wp\/v2\/users\/2"}],"replies":[{"embeddable":true,"href":"https:\/\/www.radioamigavallenar.cl\/index.php?rest_route=%2Fwp%2Fv2%2Fcomments&post=3380"}],"version-history":[{"count":0,"href":"https:\/\/www.radioamigavallenar.cl\/index.php?rest_route=\/wp\/v2\/posts\/3380\/revisions"}],"wp:featuredmedia":[{"embeddable":true,"href":"https:\/\/www.radioamigavallenar.cl\/index.php?rest_route=\/wp\/v2\/media\/3381"}],"wp:attachment":[{"href":"https:\/\/www.radioamigavallenar.cl\/index.php?rest_route=%2Fwp%2Fv2%2Fmedia&parent=3380"}],"wp:term":[{"taxonomy":"category","embeddable":true,"href":"https:\/\/www.radioamigavallenar.cl\/index.php?rest_route=%2Fwp%2Fv2%2Fcategories&post=3380"},{"taxonomy":"post_tag","embeddable":true,"href":"https:\/\/www.radioamigavallenar.cl\/index.php?rest_route=%2Fwp%2Fv2%2Ftags&post=3380"}],"curies":[{"name":"wp","href":"https:\/\/api.w.org\/{rel}","templated":true}]}}