{"id":3375,"date":"2017-01-02T11:29:46","date_gmt":"2017-01-02T14:29:46","guid":{"rendered":"http:\/\/www.radioamigavallenar.cl\/?p=3375"},"modified":"2017-01-02T11:29:46","modified_gmt":"2017-01-02T14:29:46","slug":"ninos-y-ninas-de-cachiyuyo-buscan-apoyo-para-transformarse-en-los-camiseteados-2017-de-tvn","status":"publish","type":"post","link":"https:\/\/www.radioamigavallenar.cl\/?p=3375","title":{"rendered":"Ni\u00f1os y ni\u00f1as de Cachiyuyo buscan apoyo para transformarse en los \u00abcamiseteados\u00bb 2017 de TVN"},"content":{"rendered":"<p style=\"text-align: justify;\"><a href=\"http:\/\/www.radioamigavallenar.cl\/wp-content\/uploads\/2017\/01\/Camiseteados-Cachiyuyo-9.jpeg\"><img loading=\"lazy\" decoding=\"async\" class=\" size-medium wp-image-3377 aligncenter\" src=\"http:\/\/www.radioamigavallenar.cl\/wp-content\/uploads\/2017\/01\/Camiseteados-Cachiyuyo-9-300x200.jpeg\" alt=\"camiseteados-cachiyuyo-9\" width=\"300\" height=\"200\" srcset=\"https:\/\/www.radioamigavallenar.cl\/wp-content\/uploads\/2017\/01\/Camiseteados-Cachiyuyo-9-300x200.jpeg 300w, https:\/\/www.radioamigavallenar.cl\/wp-content\/uploads\/2017\/01\/Camiseteados-Cachiyuyo-9.jpeg 700w\" sizes=\"auto, (max-width: 300px) 100vw, 300px\" \/><\/a><\/p>\n<p style=\"text-align: justify;\">Camiseteados es un trabajo colectivo entre diferentes organismos, el cual busca premiar, celebrar y visibilizar a personas que hacen cosas extraordinarias por Chile. El concurso es online y no tiene un premio en dinero, pero si puede llegar a cumplir el sue\u00f1o de una comunidad.<\/p>\n<p style=\"text-align: justify;\">Agust\u00edn Plaza, es un pasero de profesi\u00f3n quien lleg\u00f3 hasta la localidad luego de observar el gran potencial que existe en la zona para la astronom\u00eda chilena. Es as\u00ed como naci\u00f3 el proyecto Observatorio Ecol\u00f3gico Infantil, el cual hizo pu\u00f1o a pu\u00f1o junto a vecinos, profesores y peque\u00f1os y peque\u00f1as que viven en esta peque\u00f1a localidad que se ubica a 80 kil\u00f3metros al sur de Vallenar.<\/p>\n<p style=\"text-align: justify;\"><strong>PROYECTO<\/strong><\/p>\n<p style=\"text-align: justify;\">La construcci\u00f3n del Observatorio Ecol\u00f3gico Infantil, el cual ya se observa en Cachiyuyo, comenz\u00f3 en abril de este a\u00f1o. \u201cEste proyecto nace de la inquietud de ver que estaban los ni\u00f1os desocupados en la tarde y ellos viven ah\u00ed en un pueblo de 200 habitantes y los d\u00edas a veces son un poco aburridos y ten\u00edamos ganas de buscar algo para entretenerlos, algo que fuera educativo, algo que fuera productivo y mirando el Observatorio de La Silla y La Campana, se me ocurri\u00f3 esto para tener nuestro propio observatorio\u201d, coment\u00f3 Agust\u00edn Plaza.<\/p>\n<p style=\"text-align: justify;\">Cabe destacar que la construcci\u00f3n del observatorio fue a trav\u00e9s del adobe, por eso se llama Observatorio Ecol\u00f3gico Infantil. \u201cEl proyecto parti\u00f3 como un tema constructivo para los ni\u00f1os, pero r\u00e1pidamente nos dimos cuenta que ten\u00eda un componente importante en lo que es el desarrollo social, porque esta es una t\u00e9cnica que se puede utilizar en viviendas, en viviendas de familias y es una t\u00e9cnica que es barata, que es ecol\u00f3gica y que es aplicable a Atacama, entonces quer\u00edamos mostrarlo tambi\u00e9n\u201d, agreg\u00f3 Plaza.<\/p>\n<p style=\"text-align: justify;\">La realizaci\u00f3n de este proyecto tambi\u00e9n tiene un componente educativo para quienes han trabajado en la construcci\u00f3n del Observatorio, ya que \u201clos ni\u00f1os han aprendido un mont\u00f3n de conceptos de matem\u00e1ticas, f\u00edsica, geometr\u00eda y por sobre todo, han aprendido a trabajar en equipo, han aprendido a reforzar el compa\u00f1erismo, han aprendido a organizarse entre ellos y se han dado cuenta que cuando uno trabaja bien duro y hace las cosas de coraz\u00f3n, pasan cosas buenas\u201d, mencion\u00f3 Agust\u00edn.<\/p>\n<p style=\"text-align: justify;\"><strong>CONCURSO<\/strong><\/p>\n<p style=\"text-align: justify;\">Es as\u00ed como llegaron a participar en Camiseteados, quedando dentro de los 8 finalistas a nivel pa\u00eds y convirti\u00e9ndose en los \u00fanicos representantes de Atacama, en este concurso que busca premiar a quienes alzan la voz por mejorar su comunidad.<\/p>\n<p style=\"text-align: justify;\">\u201cBuscando visibilizar nuestro proyecto y ojal\u00e1 poder conseguir los fondos para que despu\u00e9s, en realidad para ahora, conseguir un telescopio, que es lo que estamos buscando, de todas maneras yo le hab\u00eda prometido a los ni\u00f1os que lo \u00edbamos a conseguir y en eso estamos hoy d\u00eda, eso es lo que buscamos de camiseteados, poder terminar nuestro proyecto y terminarlo bien\u201d, dijo el art\u00edfice del proyecto.<\/p>\n<p style=\"text-align: justify;\">Para poder apoyar a los peque\u00f1os y peque\u00f1as debes votar online en <a href=\"http:\/\/www.camiseteados.cl\/votos\/\" target=\"_blank\" data-saferedirecturl=\"https:\/\/www.google.com\/url?hl=es&amp;q=http:\/\/www.camiseteados.cl\/votos\/&amp;source=gmail&amp;ust=1483453107835000&amp;usg=AFQjCNFfxFSi2BDoYC6pE9ZSa29_6Gvv2w\">www.camiseteados.cl\/votos\/<\/a> y elegir Agust\u00edn Plaza. La votaci\u00f3n es cada 24 horas, por lo que tu voto es diario. \u201cPedirle a toda la gente de Atacama que nos ayude con su votito, se puede votar una vez al d\u00eda, as\u00ed que por favor un votito diario en <a href=\"http:\/\/www.camiseteados.cl\/\" target=\"_blank\" data-saferedirecturl=\"https:\/\/www.google.com\/url?hl=es&amp;q=http:\/\/www.camiseteados.cl&amp;source=gmail&amp;ust=1483453107836000&amp;usg=AFQjCNFyvQiflr1hprFOY1IhOOguHVk78Q\">www.camiseteados.cl<\/a>, tienen que votar por Agust\u00edn Plaza, yo represento el proyecto Observatorio Ecol\u00f3gico Infantil de Cachiyuyo\u201d, finaliz\u00f3 el de la iniciativa.<\/p>\n<p style=\"text-align: justify;\">Actualmente el proyecto Agust\u00edn Plaza va liderando la votaci\u00f3n por pocos votos, por lo que necesitamos del apoyo de todos los atacame\u00f1os para que estos ni\u00f1os y ni\u00f1as logren el sue\u00f1o de terminar de construir su Observatorio Ecol\u00f3gico Infantil de Cachiyuyo.<\/p>\n<p style=\"text-align: justify;\">Las votaciones ser\u00e1n hasta la semana del 23 de enero, en un programa en vivo en TVN, la fecha se confirmar\u00e1 dentro de las pr\u00f3ximas semanas.<\/p>\n","protected":false},"excerpt":{"rendered":"<p>Camiseteados es un trabajo colectivo entre diferentes organismos, el cual busca premiar, celebrar y visibilizar a personas que hacen cosas extraordinarias por Chile. El concurso&hellip; <\/p>\n","protected":false},"author":2,"featured_media":3376,"comment_status":"open","ping_status":"closed","sticky":false,"template":"","format":"standard","meta":{"footnotes":""},"categories":[2],"tags":[],"class_list":["post-3375","post","type-post","status-publish","format-standard","has-post-thumbnail","hentry","category-vallenar"],"_links":{"self":[{"href":"https:\/\/www.radioamigavallenar.cl\/index.php?rest_route=\/wp\/v2\/posts\/3375","targetHints":{"allow":["GET"]}}],"collection":[{"href":"https:\/\/www.radioamigavallenar.cl\/index.php?rest_route=\/wp\/v2\/posts"}],"about":[{"href":"https:\/\/www.radioamigavallenar.cl\/index.php?rest_route=\/wp\/v2\/types\/post"}],"author":[{"embeddable":true,"href":"https:\/\/www.radioamigavallenar.cl\/index.php?rest_route=\/wp\/v2\/users\/2"}],"replies":[{"embeddable":true,"href":"https:\/\/www.radioamigavallenar.cl\/index.php?rest_route=%2Fwp%2Fv2%2Fcomments&post=3375"}],"version-history":[{"count":0,"href":"https:\/\/www.radioamigavallenar.cl\/index.php?rest_route=\/wp\/v2\/posts\/3375\/revisions"}],"wp:featuredmedia":[{"embeddable":true,"href":"https:\/\/www.radioamigavallenar.cl\/index.php?rest_route=\/wp\/v2\/media\/3376"}],"wp:attachment":[{"href":"https:\/\/www.radioamigavallenar.cl\/index.php?rest_route=%2Fwp%2Fv2%2Fmedia&parent=3375"}],"wp:term":[{"taxonomy":"category","embeddable":true,"href":"https:\/\/www.radioamigavallenar.cl\/index.php?rest_route=%2Fwp%2Fv2%2Fcategories&post=3375"},{"taxonomy":"post_tag","embeddable":true,"href":"https:\/\/www.radioamigavallenar.cl\/index.php?rest_route=%2Fwp%2Fv2%2Ftags&post=3375"}],"curies":[{"name":"wp","href":"https:\/\/api.w.org\/{rel}","templated":true}]}}