{"id":33741,"date":"2020-12-19T09:39:23","date_gmt":"2020-12-19T12:39:23","guid":{"rendered":"https:\/\/www.radioamigavallenar.cl\/?p=33741"},"modified":"2020-12-19T10:40:29","modified_gmt":"2020-12-19T13:40:29","slug":"presidente-del-gremio-del-turismo-valora-implementacion-de-la-fase-4-para-atacama","status":"publish","type":"post","link":"https:\/\/www.radioamigavallenar.cl\/?p=33741","title":{"rendered":"Presidente del Gremio del Turismo valora implementaci\u00f3n de la Fase 4 para Atacama"},"content":{"rendered":"<p>El presidente de la Asociaci\u00f3n de Turismo de Atacama, ATA, Arnaldo Papapietro Schubert destac\u00f3 y valor\u00f3 que la regi\u00f3n se encuentre en la Fase 4 por la Autoridad Sanitaria, situaci\u00f3n que es de gran beneficio para dicho gremio comercial y econ\u00f3mico, el cual ha sido muy abatido por la contingencia sanitaria del Covid-19.<\/p>\n<p>Al respecto el dirigente gremial manifest\u00f3 que \u201ccomo sector estamos muy contentos y optimistas de haber avanzado a la fase 4. Este avance permite entregar una inyecci\u00f3n an\u00edmica al sector turismo, el cual\u00a0 ha estado tratando de levantarse e invirtiendo pese a las dificultades y escasos apoyos para poner en valor y retomar acciones de sus servicios para ofertar al resto del pa\u00eds de cara al comienzo de temporada alta.<\/p>\n<p>Recalc\u00f3 Papapietro Schubert que \u201ca pesar de nuestra privilegiada condici\u00f3n sanitaria de bajos contagios, Nos encontramos en una situaci\u00f3n complicada ya que el principal p\u00fablico proviene de la capital o debe realizar escala en la capital para poder arribar a la regi\u00f3n si por aire fuese el trayecto. Estar de este lado de la vereda es complejo ya que recalca a\u00fan m\u00e1s que la centralizaci\u00f3n de chile condiciona el desarrollo de las regiones y con el turismo impacta de manera significativa.<\/p>\n<p>Dijo adem\u00e1s que es de vital importancia que la comunidad adopte y asuma las recomendaciones preventivas que entrega la Autoridad Sanitaria<\/p>\n<p>\u201cHacemos un llamado al turismo y a toda la ciudadan\u00eda en general a seguir trabajando con las mismas ganas, reforzar las medidas sanitarias y hacer \u00e9nfasis en no bajar la guardia, esto con miras a seguir avanzando y mantener el cuidado correspondiente.<\/p>\n<p>\u201cComo sector necesitamos mantenernos con buena condici\u00f3n sanitaria para no retroceder c\u00f3mo fue el caso de la regi\u00f3n metropolitana que hoy complica la estabilidad de miles de pymes del pa\u00eds\u201d, enfatiz\u00f3 finalmente el presidente de ATA.<\/p>\n","protected":false},"excerpt":{"rendered":"<p>El presidente de la Asociaci\u00f3n de Turismo de Atacama, ATA, Arnaldo Papapietro Schubert destac\u00f3 y valor\u00f3 que la regi\u00f3n se encuentre en la Fase 4&hellip; <\/p>\n","protected":false},"author":2,"featured_media":33742,"comment_status":"open","ping_status":"closed","sticky":false,"template":"","format":"standard","meta":{"footnotes":""},"categories":[38],"tags":[],"class_list":["post-33741","post","type-post","status-publish","format-standard","has-post-thumbnail","hentry","category-portada-regional"],"_links":{"self":[{"href":"https:\/\/www.radioamigavallenar.cl\/index.php?rest_route=\/wp\/v2\/posts\/33741","targetHints":{"allow":["GET"]}}],"collection":[{"href":"https:\/\/www.radioamigavallenar.cl\/index.php?rest_route=\/wp\/v2\/posts"}],"about":[{"href":"https:\/\/www.radioamigavallenar.cl\/index.php?rest_route=\/wp\/v2\/types\/post"}],"author":[{"embeddable":true,"href":"https:\/\/www.radioamigavallenar.cl\/index.php?rest_route=\/wp\/v2\/users\/2"}],"replies":[{"embeddable":true,"href":"https:\/\/www.radioamigavallenar.cl\/index.php?rest_route=%2Fwp%2Fv2%2Fcomments&post=33741"}],"version-history":[{"count":1,"href":"https:\/\/www.radioamigavallenar.cl\/index.php?rest_route=\/wp\/v2\/posts\/33741\/revisions"}],"predecessor-version":[{"id":33743,"href":"https:\/\/www.radioamigavallenar.cl\/index.php?rest_route=\/wp\/v2\/posts\/33741\/revisions\/33743"}],"wp:featuredmedia":[{"embeddable":true,"href":"https:\/\/www.radioamigavallenar.cl\/index.php?rest_route=\/wp\/v2\/media\/33742"}],"wp:attachment":[{"href":"https:\/\/www.radioamigavallenar.cl\/index.php?rest_route=%2Fwp%2Fv2%2Fmedia&parent=33741"}],"wp:term":[{"taxonomy":"category","embeddable":true,"href":"https:\/\/www.radioamigavallenar.cl\/index.php?rest_route=%2Fwp%2Fv2%2Fcategories&post=33741"},{"taxonomy":"post_tag","embeddable":true,"href":"https:\/\/www.radioamigavallenar.cl\/index.php?rest_route=%2Fwp%2Fv2%2Ftags&post=33741"}],"curies":[{"name":"wp","href":"https:\/\/api.w.org\/{rel}","templated":true}]}}