{"id":33725,"date":"2020-12-19T09:16:27","date_gmt":"2020-12-19T12:16:27","guid":{"rendered":"https:\/\/www.radioamigavallenar.cl\/?p=33725"},"modified":"2020-12-19T10:17:25","modified_gmt":"2020-12-19T13:17:25","slug":"gracias-a-una-alianza-publico-privada-inauguran-dos-plantas-de-tratamiento-de-aguas-residuales-en-hacienda-manflas-en-atacama","status":"publish","type":"post","link":"https:\/\/www.radioamigavallenar.cl\/?p=33725","title":{"rendered":"Gracias a una alianza p\u00fablico-privada inauguran dos plantas de tratamiento de aguas residuales en Hacienda Manflas en Atacama"},"content":{"rendered":"<p><strong>La iniciativa es apoyada por Corfo con recursos del Fondo de Innovaci\u00f3n del Gobierno Regional (FIC), aprobados por el CORE, cofinanciado por Amffal y en articulaci\u00f3n con empresas socias de Apeco.<\/strong><\/p>\n<p>En el contexto de la escasez h\u00eddrica que afecta a la regi\u00f3n, se hace imprescindible buscar nuevas formas de hacer uso eficiente del agua, es por ello, que la empresa regional Amffal, que cuenta con m\u00e1s de 25 a\u00f1os de experiencia en temas relacionados con el reciclaje, tratamiento de residuos, cuidado y preservaci\u00f3n del medio ambiente, impuls\u00f3 este proyecto que consiste en la implementaci\u00f3n de tres plantas de tratamiento para la recuperaci\u00f3n de las aguas grises que generan empresas agr\u00edcolas socias de la Asociaci\u00f3n de Productores y Exportadores Agr\u00edcolas del Valle de Copiap\u00f3 (Apeco). El proyecto, que cuenta con apoyo de Corfo, busca gestionar las aguas que provienen del packing, duchas, ba\u00f1os, lavamanos, casino y comedores, entre otras fuentes, de las empresas agr\u00edcolas.<\/p>\n<p>En este contexto, se realiz\u00f3 un hito de inauguraci\u00f3n de las primeras dos plantas pilotos en la Agr\u00edcola Dainal de Hacienda Manflas, comuna de Tierra Amarilla. La actividad estuvo liderada por el Intendente de la Regi\u00f3n de Atacama, Patricio Urquieta Garc\u00eda; el seremi de Agricultura, Patricio Araya Vargas; la directora regional de Corfo, Silvia Zuleta Alfaro; la presidenta de APECO, Lina Arrieta Herrera; entre otras autoridades p\u00fablicas y representantes privados.<\/p>\n<p>La iniciativa, que se encuentra en su etapa final de implementaci\u00f3n, se adjudic\u00f3 el programa Desarrolla Inversi\u00f3n de Corfo y cuenta con recursos del Fondo de innovaci\u00f3n (FIC) del Gobierno Regional, aprobados por el CORE de Atacama, operado por GEDES. Al respecto, el Intendente de la Regi\u00f3n de Atacama, Patricio Urquieta, se\u00f1al\u00f3 que \u201cesta iniciativa, que pretende reutilizar las aguas grises de los campos, va a permitir dedicarlas al riego y a otro tipo de actividades que requieren del uso de este recurso escaso en la regi\u00f3n de Atacama. Esta es una iniciativa que ha sido financiada con fondos del Gobierno Regional a trav\u00e9s de Corfo, uniendo los esfuerzos p\u00fablicos y privados para sumarnos a todo el trabajo que est\u00e1 realizando el pa\u00eds para enfrentar el cambio clim\u00e1tico y el calentamiento global y que tambi\u00e9n cuenta con el protagonismo del sector privado para impulsar este tipo de iniciativas que, finalmente, se traducen en una nueva cultura del uso y aprovechamiento del agua\u201d.<\/p>\n<p>En tanto, la directora regional de Corfo, Silvia Zuleta, destac\u00f3 el impacto y las proyecciones de este proyecto piloto. \u00abA trav\u00e9s del apoyo a este tipo de iniciativas, queremos contribuir a la eficiencia h\u00eddrica regional, lo que se enmarca tambi\u00e9n en el trabajo que estamos realizando con el sector agr\u00edcola de uva de mesa, a trav\u00e9s del Programa Territorial Integrado (PTI) el cual busca implementar acciones para el mejor uso del agua, en un contexto de cambio clim\u00e1tico\u00bb, se\u00f1al\u00f3 y agreg\u00f3 que \u00abeste proyecto de la empresa Amffal, genera externalidades positivas sustentables, como tambi\u00e9n contribuye a la disminuci\u00f3n del impacto negativo sobre las napas de aguas subterr\u00e1neas y aguas superficiales. Este es un ejemplo de proyecto de triple impacto, ya que permite reutilizar agua disminuyendo los costos para las empresas, adem\u00e1s de impactar en la generaci\u00f3n de empleos en la comuna de Tierra Amarilla\u00bb.<\/p>\n<p>Finalmente, el gerente general de Amffal SPA, Sebasti\u00e1n Pino, destac\u00f3 que \u201cel objetivo, principalmente, es impulsar el reciclaje de las aguas residuales que se ocupan en las actividades productivas de la agricultura en el valle de Copiap\u00f3. Siendo este un proyecto piloto en Chile para fomentar el reciclaje de las aguas grises y tambi\u00e9n para ser un ejemplo para el resto de los valles del pa\u00eds\u201d.<\/p>\n","protected":false},"excerpt":{"rendered":"<p>La iniciativa es apoyada por Corfo con recursos del Fondo de Innovaci\u00f3n del Gobierno Regional (FIC), aprobados por el CORE, cofinanciado por Amffal y en&hellip; <\/p>\n","protected":false},"author":2,"featured_media":33726,"comment_status":"open","ping_status":"closed","sticky":false,"template":"","format":"standard","meta":{"footnotes":""},"categories":[7],"tags":[],"class_list":["post-33725","post","type-post","status-publish","format-standard","has-post-thumbnail","hentry","category-atacama"],"_links":{"self":[{"href":"https:\/\/www.radioamigavallenar.cl\/index.php?rest_route=\/wp\/v2\/posts\/33725","targetHints":{"allow":["GET"]}}],"collection":[{"href":"https:\/\/www.radioamigavallenar.cl\/index.php?rest_route=\/wp\/v2\/posts"}],"about":[{"href":"https:\/\/www.radioamigavallenar.cl\/index.php?rest_route=\/wp\/v2\/types\/post"}],"author":[{"embeddable":true,"href":"https:\/\/www.radioamigavallenar.cl\/index.php?rest_route=\/wp\/v2\/users\/2"}],"replies":[{"embeddable":true,"href":"https:\/\/www.radioamigavallenar.cl\/index.php?rest_route=%2Fwp%2Fv2%2Fcomments&post=33725"}],"version-history":[{"count":1,"href":"https:\/\/www.radioamigavallenar.cl\/index.php?rest_route=\/wp\/v2\/posts\/33725\/revisions"}],"predecessor-version":[{"id":33727,"href":"https:\/\/www.radioamigavallenar.cl\/index.php?rest_route=\/wp\/v2\/posts\/33725\/revisions\/33727"}],"wp:featuredmedia":[{"embeddable":true,"href":"https:\/\/www.radioamigavallenar.cl\/index.php?rest_route=\/wp\/v2\/media\/33726"}],"wp:attachment":[{"href":"https:\/\/www.radioamigavallenar.cl\/index.php?rest_route=%2Fwp%2Fv2%2Fmedia&parent=33725"}],"wp:term":[{"taxonomy":"category","embeddable":true,"href":"https:\/\/www.radioamigavallenar.cl\/index.php?rest_route=%2Fwp%2Fv2%2Fcategories&post=33725"},{"taxonomy":"post_tag","embeddable":true,"href":"https:\/\/www.radioamigavallenar.cl\/index.php?rest_route=%2Fwp%2Fv2%2Ftags&post=33725"}],"curies":[{"name":"wp","href":"https:\/\/api.w.org\/{rel}","templated":true}]}}