{"id":3371,"date":"2017-01-02T11:06:28","date_gmt":"2017-01-02T14:06:28","guid":{"rendered":"http:\/\/www.radioamigavallenar.cl\/?p=3371"},"modified":"2017-01-02T11:06:28","modified_gmt":"2017-01-02T14:06:28","slug":"en-deportes-vallenar-esperan-revertir-la-mala-campana-del-2016","status":"publish","type":"post","link":"https:\/\/www.radioamigavallenar.cl\/?p=3371","title":{"rendered":"En Deportes Vallenar esperan revertir la mala campa\u00f1a del 2016"},"content":{"rendered":"<p style=\"text-align: justify;\"><a href=\"http:\/\/www.radioamigavallenar.cl\/wp-content\/uploads\/2017\/01\/VALLENAR.jpg\"><img loading=\"lazy\" decoding=\"async\" class=\" size-medium wp-image-3372 aligncenter\" src=\"http:\/\/www.radioamigavallenar.cl\/wp-content\/uploads\/2017\/01\/VALLENAR-300x221.jpg\" alt=\"vallenar\" width=\"300\" height=\"221\" srcset=\"https:\/\/www.radioamigavallenar.cl\/wp-content\/uploads\/2017\/01\/VALLENAR-300x221.jpg 300w, https:\/\/www.radioamigavallenar.cl\/wp-content\/uploads\/2017\/01\/VALLENAR.jpg 700w\" sizes=\"auto, (max-width: 300px) 100vw, 300px\" \/><\/a><\/p>\n<p style=\"text-align: justify;\">Vallenar tras el empate con Barnechea, en la \u00faltima fecha del 2016, y posterior receso, qued\u00f3 \u00faltimo en la tabla de posiciones con 6 puntos, con 9 partidos perdidos, 3 empatados y tan s\u00f3lo dos triunfos y un rendimiento de un 14 por ciento. A pesar de estas cifras, en la instituci\u00f3n est\u00e1n confiados de sacar adelante la mala campa\u00f1a del 2016, y por ello ya se trabaja en lo que resta del torneo y los 18 partidos que a\u00fan quedan por disputar del campeonato.<\/p>\n<p style=\"text-align: justify;\">Luego del respectivo descanso por\u00a0las fiestas de fin de a\u00f1o, la dirigencia aprovechando el receso, ya trabaja en los refuerzos para lo que resta de la competencia que se reanuda el pr\u00f3ximo 14 de enero, cuando el cuadro albiverde enfrente\u00a0 de local a Deportes La Pintana.<\/p>\n<p style=\"text-align: justify;\"><strong>REFUERZOS<\/strong><\/p>\n<p style=\"text-align: justify;\">El primer confirmado es Juan Tolosa, ex Deportes Copiap\u00f3 volante mixto que se caracteriza por su remate de media distancia y capacidad de habilitar a sus compa\u00f1eros. Parte de su curriculum indica que fue campe\u00f3n en el 2008 con Coquimbo Unido en el torneo de clausura de la Primera B, mientras que el 2009 alz\u00f3 la Copa Chile con el cuadro de Uni\u00f3n San Felipe.<\/p>\n<p style=\"text-align: justify;\">Otro que est\u00e1 en conversaciones es Roberto \u201cZorro\u201d Mu\u00f1oz, defensa, que en los \u00faltimos a\u00f1os ha vestido la camiseta de Deportes Copiap\u00f3. Sus inicios fueron el club Fern\u00e1ndez Vial, jugando all\u00ed 8 temporadas, donde consolid\u00f3 su carrera y se transform\u00f3 en un referente del equipo siendo su capit\u00e1n.<\/p>\n<p style=\"text-align: justify;\">Respecto de los sueldos, desde la dirigencia se\u00f1alaron que se pagaron las liquidaciones y todo est\u00e1 en buen estado con la ANFP, algo que los dirigentes han aprendido en el \u00faltimo tiempo, tras el castigo de tres puntos por parte de la unidad de control financiero.<\/p>\n<p style=\"text-align: justify;\"><strong>MICHEA<\/strong><\/p>\n<p style=\"text-align: justify;\">Francisco Michea en conversaci\u00f3n con el medio se\u00f1al\u00f3 que \u201ccuando yo tom\u00e9 esta instituci\u00f3n la situaci\u00f3n era dif\u00edcil, ha pasado ya un tiempo y ahora le dimos algo de aire, ahora el equipo est\u00e1 respirando, y este equipo le va a luchar a y va a jugar de igual igual con cualquiera\u201d, se\u00f1al\u00f3, agregando que \u201cNosotros como cuerpo t\u00e9cnico llegamos en un momento en el que el equipo estaba muerto, hab\u00eda un d\u00e9ficit de 18 puntos, se hab\u00edan jugado 6 partidos y nosotros tuvimos que darle vida a esto, nos cost\u00f3 un mes y medio, pero veo que el equipo va en alza y eso nos mantiene tranquilos\u201d.<\/p>\n<p style=\"text-align: justify;\">La instituci\u00f3n hizo un llamado a seguir sumando en lo econ\u00f3mico y a trav\u00e9s de diversos programas deportivos en las emisoras locales, se llam\u00f3 a los empresarios locales a hacerse parte del club, mismo llamado a los hinchas que a\u00fan pueden comprar acciones al interior del mercado municipal.<\/p>\n<p style=\"text-align: justify;\">Fuente y Foto: La Estrella del Huasco<\/p>\n","protected":false},"excerpt":{"rendered":"<p>Vallenar tras el empate con Barnechea, en la \u00faltima fecha del 2016, y posterior receso, qued\u00f3 \u00faltimo en la tabla de posiciones con 6 puntos,&hellip; <\/p>\n","protected":false},"author":2,"featured_media":3372,"comment_status":"open","ping_status":"closed","sticky":false,"template":"","format":"standard","meta":{"footnotes":""},"categories":[8],"tags":[],"class_list":["post-3371","post","type-post","status-publish","format-standard","has-post-thumbnail","hentry","category-deportes"],"_links":{"self":[{"href":"https:\/\/www.radioamigavallenar.cl\/index.php?rest_route=\/wp\/v2\/posts\/3371","targetHints":{"allow":["GET"]}}],"collection":[{"href":"https:\/\/www.radioamigavallenar.cl\/index.php?rest_route=\/wp\/v2\/posts"}],"about":[{"href":"https:\/\/www.radioamigavallenar.cl\/index.php?rest_route=\/wp\/v2\/types\/post"}],"author":[{"embeddable":true,"href":"https:\/\/www.radioamigavallenar.cl\/index.php?rest_route=\/wp\/v2\/users\/2"}],"replies":[{"embeddable":true,"href":"https:\/\/www.radioamigavallenar.cl\/index.php?rest_route=%2Fwp%2Fv2%2Fcomments&post=3371"}],"version-history":[{"count":0,"href":"https:\/\/www.radioamigavallenar.cl\/index.php?rest_route=\/wp\/v2\/posts\/3371\/revisions"}],"wp:featuredmedia":[{"embeddable":true,"href":"https:\/\/www.radioamigavallenar.cl\/index.php?rest_route=\/wp\/v2\/media\/3372"}],"wp:attachment":[{"href":"https:\/\/www.radioamigavallenar.cl\/index.php?rest_route=%2Fwp%2Fv2%2Fmedia&parent=3371"}],"wp:term":[{"taxonomy":"category","embeddable":true,"href":"https:\/\/www.radioamigavallenar.cl\/index.php?rest_route=%2Fwp%2Fv2%2Fcategories&post=3371"},{"taxonomy":"post_tag","embeddable":true,"href":"https:\/\/www.radioamigavallenar.cl\/index.php?rest_route=%2Fwp%2Fv2%2Ftags&post=3371"}],"curies":[{"name":"wp","href":"https:\/\/api.w.org\/{rel}","templated":true}]}}