{"id":33708,"date":"2020-12-19T10:07:06","date_gmt":"2020-12-19T13:07:06","guid":{"rendered":"https:\/\/www.radioamigavallenar.cl\/?p=33708"},"modified":"2020-12-19T10:07:06","modified_gmt":"2020-12-19T13:07:06","slug":"se-dio-inicio-a-la-obra-de-la-nueva-subcomisaria-pedro-leon-gallo-en-copiapo","status":"publish","type":"post","link":"https:\/\/www.radioamigavallenar.cl\/?p=33708","title":{"rendered":"Se dio inicio a la obra de la nueva Subcomisaria Pedro Le\u00f3n Gallo en Copiap\u00f3"},"content":{"rendered":"<p><strong>La ejecuci\u00f3n de esta obra generar\u00e1 un promedio de 120 puestos de trabajo aproximadamente durante su construcci\u00f3n, contribuyendo a la reactivaci\u00f3n econ\u00f3mica de la regi\u00f3n.<\/strong><span id=\"more-230422\"><\/span><\/p>\n<p>El Ministerio de Obras P\u00fablicas a trav\u00e9s de su Direcci\u00f3n de Arquitectura inform\u00f3 el Inicio de Obra de la nueva \u201cSubcomisaria Pedro Le\u00f3n Gallo\u201d en la ciudad de Copiap\u00f3, proyecto que alcanza una inversi\u00f3n de $1.881.086.809 de pesos por parte del Gobierno Regional y contempla un plazo de ejecuci\u00f3n de 420 d\u00edas.<\/p>\n<p>Durante esta ma\u00f1ana el\u00a0<strong>Seremi de Obras P\u00fablicas, Alfredo Campbell,<\/strong>\u00a0visit\u00f3 el terreno donde la Direcci\u00f3n de Arquitectura del MOP se encuentra dando inicio a los trabajos, afirmando, \u201c<strong>nos sentimos felices de concretar el inicio de este\u00a0proyecto que contempla la ejecuci\u00f3n completa de un edificio moderno de 922,70 m2 que estar\u00e1 ubicado en Avenida Los Loros, esquina Calle Caupolic\u00e1n en la ciudad de Copiap\u00f3. Con este nuevo proyecto crearemos 120 puestos de trabajo aproximadamente durante el total de la obra, con lo cual estaremos contribuyendo a la reactivaci\u00f3n econ\u00f3mica de nuestra regi\u00f3n<\/strong><em>\u201d.<\/em><\/p>\n<p>En esa l\u00ednea,\u00a0<strong>el Seremi<\/strong>\u00a0explic\u00f3 que la generaci\u00f3n de empleo en el \u00e1rea de la construcci\u00f3n es una de las prioridades del gobierno,\u00a0<em>\u201c<\/em><strong>esta es una tarea que el Presidente nos ha encomendado, tanto al MOP, como al resto de los ministerios que generan la inversi\u00f3n p\u00fablica. Por esa raz\u00f3n estamos ejecutando el plan Paso a Paso Chile se Recupera. Como dice el cartel que est\u00e1 a mis espaldas, esta obra es uno de los lugares donde este plan est\u00e1 creando empleo. Y hay muchos m\u00e1s, porque estamos aumentando en forma sustancial el n\u00famero de licitaciones y el a\u00f1o 2021 el Ministerio de Obras P\u00fablicas en la regi\u00f3n, tendr\u00e1 un presupuesto adicional que alcanza los $ 42.342 millones aprox\u201d.<\/strong><\/p>\n<p><strong>Campbell<\/strong>\u00a0agreg\u00f3, \u201c<strong>uno de los objetivos del \u201cPlan Paso a Paso Chile se Recupera\u201d, es proteger a las familias y entregarles oportunidades para salir adelante, es por eso que todo lo que estamos haciendo como Gobierno para recuperar la econom\u00eda y todo lo que hagamos como sociedad en ese mismo sentido tenemos a las familias en el centro de nuestra preocupaci\u00f3n. Cuidarnos hoy tambi\u00e9n significa entregar oportunidades de trabajo a quienes lo han perdido\u201d.<\/strong><\/p>\n<p>La Construcci\u00f3n de la Subcomisaria Pedro Le\u00f3n Gallo, se enmarca dentro de la Estrategia de Seguridad P\u00fablica que lleva a cabo el Ministerio de Obras P\u00fablicas a trav\u00e9s de la Direcci\u00f3n de Arquitectura, la cual tiene como objetivo asegurar una infraestructura \u00f3ptima, con distribuci\u00f3n espacial eficiente y dependencias seguras, entregando las mejores condiciones para desarrollar de buena manera todas las funciones propias de la instituci\u00f3n, como as\u00ed tambi\u00e9n, lograr recintos con un adecuado nivel de confort, tanto para la comunidad que concurre a la Subcomisaria como para el personal que presta Servicios Policiales.<\/p>\n<p>El\u00a0<strong>Director Regional de Arquitectura, Juan Antonio Cort\u00e9s<\/strong>, inform\u00f3 que \u201c<strong>el proyecto contempla dos vol\u00famenes, el primero se alinea con la geometr\u00eda del terreno y se adapta a la alta pendiente que este posee y el segundo es un volumen soterrado que termina por configurar el espacio central interior y articular las \u00e1reas de estacionamiento y circulaci\u00f3n vehicular. La edificaci\u00f3n\u00a0estar\u00e1 emplazada en un terreno de 2.043,94 m2, donde actualmente se encuentra en funciones la sub-comisar\u00eda Pedro Le\u00f3n Gallo y\u00a0 su estructura ser\u00e1 en hormig\u00f3n armado en dos niveles, con fundaci\u00f3n en H.A y coronaci\u00f3n. Los muros \u00a0interiores son en tabiquer\u00eda de acero galvanizado liviano m\u00e1s revestimientos. Las terminaciones en general ser\u00e1n de calidad est\u00e1ndar, donde destacar\u00e1n las mejoras relativas a la seguridad del edificio en el per\u00edmetro adyacente a la calle\u201d.<\/strong><\/p>\n<p>Finalmente el\u00a0<strong>Seremi MOP<\/strong>, se refiri\u00f3 a la importancia en la generaci\u00f3n de empleo, destacando\u00a0<strong>\u201clas obras p\u00fablicas y privadas que est\u00e1n en ejecuci\u00f3n o licitaci\u00f3n- son una gran fuente de trabajo en este momento particularmente duro que vivimos como pa\u00eds producto de la pandemia. La construcci\u00f3n se ratifica como uno de los motores de la recuperaci\u00f3n: en octubre, la ocupaci\u00f3n creci\u00f3 en 284 mil empleos en comparaci\u00f3n a septiembre, y 721 mil empleos m\u00e1s en comparaci\u00f3n a julio, el mes en que la tasa de ocupaci\u00f3n nacional alcanz\u00f3 su cifra m\u00e1s baja (42,3%). De esos 284 mil puestos de trabajo creados el mes pasado, el sector de la construcci\u00f3n contribuy\u00f3 con 160 mil\u201d.<\/strong><\/p>\n","protected":false},"excerpt":{"rendered":"<p>La ejecuci\u00f3n de esta obra generar\u00e1 un promedio de 120 puestos de trabajo aproximadamente durante su construcci\u00f3n, contribuyendo a la reactivaci\u00f3n econ\u00f3mica de la regi\u00f3n.&hellip; <\/p>\n","protected":false},"author":2,"featured_media":33709,"comment_status":"open","ping_status":"closed","sticky":false,"template":"","format":"standard","meta":{"footnotes":""},"categories":[7],"tags":[],"class_list":["post-33708","post","type-post","status-publish","format-standard","has-post-thumbnail","hentry","category-atacama"],"_links":{"self":[{"href":"https:\/\/www.radioamigavallenar.cl\/index.php?rest_route=\/wp\/v2\/posts\/33708","targetHints":{"allow":["GET"]}}],"collection":[{"href":"https:\/\/www.radioamigavallenar.cl\/index.php?rest_route=\/wp\/v2\/posts"}],"about":[{"href":"https:\/\/www.radioamigavallenar.cl\/index.php?rest_route=\/wp\/v2\/types\/post"}],"author":[{"embeddable":true,"href":"https:\/\/www.radioamigavallenar.cl\/index.php?rest_route=\/wp\/v2\/users\/2"}],"replies":[{"embeddable":true,"href":"https:\/\/www.radioamigavallenar.cl\/index.php?rest_route=%2Fwp%2Fv2%2Fcomments&post=33708"}],"version-history":[{"count":1,"href":"https:\/\/www.radioamigavallenar.cl\/index.php?rest_route=\/wp\/v2\/posts\/33708\/revisions"}],"predecessor-version":[{"id":33710,"href":"https:\/\/www.radioamigavallenar.cl\/index.php?rest_route=\/wp\/v2\/posts\/33708\/revisions\/33710"}],"wp:featuredmedia":[{"embeddable":true,"href":"https:\/\/www.radioamigavallenar.cl\/index.php?rest_route=\/wp\/v2\/media\/33709"}],"wp:attachment":[{"href":"https:\/\/www.radioamigavallenar.cl\/index.php?rest_route=%2Fwp%2Fv2%2Fmedia&parent=33708"}],"wp:term":[{"taxonomy":"category","embeddable":true,"href":"https:\/\/www.radioamigavallenar.cl\/index.php?rest_route=%2Fwp%2Fv2%2Fcategories&post=33708"},{"taxonomy":"post_tag","embeddable":true,"href":"https:\/\/www.radioamigavallenar.cl\/index.php?rest_route=%2Fwp%2Fv2%2Ftags&post=33708"}],"curies":[{"name":"wp","href":"https:\/\/api.w.org\/{rel}","templated":true}]}}