{"id":33706,"date":"2020-12-19T10:05:14","date_gmt":"2020-12-19T13:05:14","guid":{"rendered":"https:\/\/www.radioamigavallenar.cl\/?p=33706"},"modified":"2020-12-19T10:05:14","modified_gmt":"2020-12-19T13:05:14","slug":"el-cobre-se-cotiza-en-su-precio-mas-alto-desde-inicios-de-2013","status":"publish","type":"post","link":"https:\/\/www.radioamigavallenar.cl\/?p=33706","title":{"rendered":"El cobre se cotiza en su precio m\u00e1s alto desde inicios de 2013"},"content":{"rendered":"<p>Acumulando un alza de 3,7% en el mes y de 30% en lo que va del a\u00f1o, el\u00a0<strong>precio del cobre se cotiz\u00f3 en 3 d\u00f3lares con 61 centavos la libra, su precio m\u00e1s alto desde febrero de 2013.<\/strong><\/p>\n<p>La reactivaci\u00f3n econ\u00f3mica en China est\u00e1 impulsando fuertemente al metal rojo, por ejemplo, a trav\u00e9s de la producci\u00f3n industrial que -esta semana- aument\u00f3 un 7%, superando las expectativas. Aunque mostr\u00f3 cautela respecto de una proyecci\u00f3n de largo plazo, el presidente del Banco Central, Mario Marcel, ratific\u00f3 perspectivas optimistas para el futuro del metal rojo.<\/p>\n<p>En lo inmediato, sin embargo, los especialistas prev\u00e9n que el\u00a0<strong>cobre podr\u00eda seguir al alza<\/strong>, tomando en cuenta la forma en que el gigante asi\u00e1tico ha controlado la pandemia, tal como proyectaron C\u00e9sar Valencia, de Alpari Research, y Jos\u00e9 Ra\u00fal Godoy, de XTB Latam.<\/p>\n<p>En la Comisi\u00f3n Chilena del Cobre, en tanto, ponen pa\u00f1os fr\u00edos. El director de Estudios y Pol\u00edticas P\u00fablicas de Cochilco, Jorge Cantallopts, se\u00f1al\u00f3 que, si bien en el\u00a0<strong>corto plazo se espera un mayor apetito por las inversiones en el mineral,<\/strong>\u00a0no se puede proyectar un \u201cs\u00faper ciclo\u201d de largo plazo.<\/p>\n<p>En contraparte, el alza del cobre ha debilitado al precio del d\u00f3lar, que se mantiene por debajo de la barrera de los 730 pesos, que no alcanzaba desde octubre de 2019.<\/p>\n","protected":false},"excerpt":{"rendered":"<p>Acumulando un alza de 3,7% en el mes y de 30% en lo que va del a\u00f1o, el\u00a0precio del cobre se cotiz\u00f3 en 3 d\u00f3lares&hellip; <\/p>\n","protected":false},"author":2,"featured_media":26747,"comment_status":"open","ping_status":"closed","sticky":false,"template":"","format":"standard","meta":{"footnotes":""},"categories":[37],"tags":[],"class_list":["post-33706","post","type-post","status-publish","format-standard","has-post-thumbnail","hentry","category-nacional"],"_links":{"self":[{"href":"https:\/\/www.radioamigavallenar.cl\/index.php?rest_route=\/wp\/v2\/posts\/33706","targetHints":{"allow":["GET"]}}],"collection":[{"href":"https:\/\/www.radioamigavallenar.cl\/index.php?rest_route=\/wp\/v2\/posts"}],"about":[{"href":"https:\/\/www.radioamigavallenar.cl\/index.php?rest_route=\/wp\/v2\/types\/post"}],"author":[{"embeddable":true,"href":"https:\/\/www.radioamigavallenar.cl\/index.php?rest_route=\/wp\/v2\/users\/2"}],"replies":[{"embeddable":true,"href":"https:\/\/www.radioamigavallenar.cl\/index.php?rest_route=%2Fwp%2Fv2%2Fcomments&post=33706"}],"version-history":[{"count":1,"href":"https:\/\/www.radioamigavallenar.cl\/index.php?rest_route=\/wp\/v2\/posts\/33706\/revisions"}],"predecessor-version":[{"id":33707,"href":"https:\/\/www.radioamigavallenar.cl\/index.php?rest_route=\/wp\/v2\/posts\/33706\/revisions\/33707"}],"wp:featuredmedia":[{"embeddable":true,"href":"https:\/\/www.radioamigavallenar.cl\/index.php?rest_route=\/wp\/v2\/media\/26747"}],"wp:attachment":[{"href":"https:\/\/www.radioamigavallenar.cl\/index.php?rest_route=%2Fwp%2Fv2%2Fmedia&parent=33706"}],"wp:term":[{"taxonomy":"category","embeddable":true,"href":"https:\/\/www.radioamigavallenar.cl\/index.php?rest_route=%2Fwp%2Fv2%2Fcategories&post=33706"},{"taxonomy":"post_tag","embeddable":true,"href":"https:\/\/www.radioamigavallenar.cl\/index.php?rest_route=%2Fwp%2Fv2%2Ftags&post=33706"}],"curies":[{"name":"wp","href":"https:\/\/api.w.org\/{rel}","templated":true}]}}