{"id":3363,"date":"2017-01-02T10:54:12","date_gmt":"2017-01-02T13:54:12","guid":{"rendered":"http:\/\/www.radioamigavallenar.cl\/?p=3363"},"modified":"2017-01-02T10:54:12","modified_gmt":"2017-01-02T13:54:12","slug":"presentan-refuerzo-policial-para-la-temporada-estival-en-la-provincia-de-huasco","status":"publish","type":"post","link":"https:\/\/www.radioamigavallenar.cl\/?p=3363","title":{"rendered":"Presentan refuerzo policial para la temporada estival en la provincia de Huasco"},"content":{"rendered":"<p style=\"text-align: justify;\"><a href=\"http:\/\/www.radioamigavallenar.cl\/wp-content\/uploads\/2017\/01\/Plan-verano-seguro.jpg\"><img loading=\"lazy\" decoding=\"async\" class=\" size-medium wp-image-3364 aligncenter\" src=\"http:\/\/www.radioamigavallenar.cl\/wp-content\/uploads\/2017\/01\/Plan-verano-seguro-300x225.jpg\" alt=\"plan-verano-seguro\" width=\"300\" height=\"225\" srcset=\"https:\/\/www.radioamigavallenar.cl\/wp-content\/uploads\/2017\/01\/Plan-verano-seguro-300x225.jpg 300w, https:\/\/www.radioamigavallenar.cl\/wp-content\/uploads\/2017\/01\/Plan-verano-seguro.jpg 700w\" sizes=\"auto, (max-width: 300px) 100vw, 300px\" \/><\/a><\/p>\n<p style=\"text-align: justify;\">Con la indicaci\u00f3n de un estricto control y fiscalizaci\u00f3n para la fiesta de fin de a\u00f1o en todo el territorio de la provincia de Huasco y un fuerte llamado al auto-cuidado para evitar los accidentes, autoridades encabezadas por la gobernadora de la provincia, Alexandra N\u00fa\u00f1ez Sorich, junto al alcalde de la comuna, Rodrigo Loyola, el mayor comisario de carabineros de Vallenar, Mario Recabarren, autoridades locales y representantes de la comunidad organizada, se dio inicio desde el puerto de Huasco, al plan \u201cVerano seguro\u201d, plan de contingencia destinado a brindar seguridad y bienestar a la poblaci\u00f3n.<\/p>\n<p style=\"text-align: justify;\">En la oportunidad se destac\u00f3 el aumento tanto en la dotaci\u00f3n de personal, como de equipamiento (veh\u00edculos), para cumplir una mejor labor en todo el borde costero, despliegue que permitir\u00e1 abarcar los distintos sectores del litoral\u00a0 y atender de buena forma las demandas que presente la poblaci\u00f3n durante la celebraci\u00f3n de la fiesta de a\u00f1o nuevo.<\/p>\n<p style=\"text-align: justify;\">La gobernadora Alexandra N\u00fa\u00f1ez, manifest\u00f3 su satisfacci\u00f3n por la llegada de nuevos refuerzos para la instituci\u00f3n de Carabineros y para la Armada, en la temporada estival, \u201capoyo que nos van a permitir combatir la comisi\u00f3n de delitos y garantizar una buenas fiestas de fin de a\u00f1o y un mejor pasar durante la temporada estival que ya se inicia, son 19 efectivos de carabineros que permitir\u00e1n reforzar la labor del borde costero\u201d.\u00a0 La gobernadora junto con manifestar sus buenos deseos para el nuevo a\u00f1o a cada una de las familias del valle del Huasco, hizo un llamado tambi\u00e9n al auto-cuidado, en la celebraci\u00f3n del fin de a\u00f1o, a fin de evitar los accidentes y las situaciones que puedan empa\u00f1ar el normal desarrollo de las distintas actividades que se han de llevar a cabo en toda la provincia.<\/p>\n<p style=\"text-align: justify;\">El alcalde de la comuna de Huasco, Rodrigo Loyola, al destacar como un hito importante la medida de contar por primera vez con dotaci\u00f3n policial completa para el \u00b4per\u00edodo estival, lo que debiera garantizar una mejor calidad de vida para los habitantes de la zona y para los m\u00e1s de 3 mil visitantes que el puerto de Huasco recibe durante la temporada,\u00a0 El alcalde de Huasco, agradeci\u00f3 las gestiones realizadas para el logro de este apoyo por parte de la gobernadora de la provincia y por parte de la parlamentaria por la zona, la diputada Yasna Provoste, al mismo tiempo que dio a conocer que durante la pr\u00f3xima semana, sostendr\u00e1 un importante encuentro con el ministro del interior a objeto de solicitar un aumento de dotaci\u00f3n permanente, para la unidad de carabineros, en la zona.<\/p>\n<p style=\"text-align: justify;\">Por su parte el mayor comisario de carabineros de Vallenar, Mario Recabarren, destac\u00f3 las principales recomendaciones, para la poblaci\u00f3n hacia quienes van a conducir un veh\u00edculo a no beber alcohol, tanto a conductores como a los peatones, \u201ctolerancia cero en esta materia, la idea es prevenir y para ello \u2013 adem\u00e1s \u2013 se realizar\u00e1n estrictas fiscalizaciones en todo el territorio y en todo los sectores\u201d.<\/p>\n","protected":false},"excerpt":{"rendered":"<p>Con la indicaci\u00f3n de un estricto control y fiscalizaci\u00f3n para la fiesta de fin de a\u00f1o en todo el territorio de la provincia de Huasco&hellip; <\/p>\n","protected":false},"author":2,"featured_media":3364,"comment_status":"open","ping_status":"closed","sticky":false,"template":"","format":"standard","meta":{"footnotes":""},"categories":[6],"tags":[],"class_list":["post-3363","post","type-post","status-publish","format-standard","has-post-thumbnail","hentry","category-policial"],"_links":{"self":[{"href":"https:\/\/www.radioamigavallenar.cl\/index.php?rest_route=\/wp\/v2\/posts\/3363","targetHints":{"allow":["GET"]}}],"collection":[{"href":"https:\/\/www.radioamigavallenar.cl\/index.php?rest_route=\/wp\/v2\/posts"}],"about":[{"href":"https:\/\/www.radioamigavallenar.cl\/index.php?rest_route=\/wp\/v2\/types\/post"}],"author":[{"embeddable":true,"href":"https:\/\/www.radioamigavallenar.cl\/index.php?rest_route=\/wp\/v2\/users\/2"}],"replies":[{"embeddable":true,"href":"https:\/\/www.radioamigavallenar.cl\/index.php?rest_route=%2Fwp%2Fv2%2Fcomments&post=3363"}],"version-history":[{"count":0,"href":"https:\/\/www.radioamigavallenar.cl\/index.php?rest_route=\/wp\/v2\/posts\/3363\/revisions"}],"wp:featuredmedia":[{"embeddable":true,"href":"https:\/\/www.radioamigavallenar.cl\/index.php?rest_route=\/wp\/v2\/media\/3364"}],"wp:attachment":[{"href":"https:\/\/www.radioamigavallenar.cl\/index.php?rest_route=%2Fwp%2Fv2%2Fmedia&parent=3363"}],"wp:term":[{"taxonomy":"category","embeddable":true,"href":"https:\/\/www.radioamigavallenar.cl\/index.php?rest_route=%2Fwp%2Fv2%2Fcategories&post=3363"},{"taxonomy":"post_tag","embeddable":true,"href":"https:\/\/www.radioamigavallenar.cl\/index.php?rest_route=%2Fwp%2Fv2%2Ftags&post=3363"}],"curies":[{"name":"wp","href":"https:\/\/api.w.org\/{rel}","templated":true}]}}