{"id":3360,"date":"2017-01-02T10:50:04","date_gmt":"2017-01-02T13:50:04","guid":{"rendered":"http:\/\/www.radioamigavallenar.cl\/?p=3360"},"modified":"2017-01-02T10:50:04","modified_gmt":"2017-01-02T13:50:04","slug":"carabinero-de-domeyko-es-reconocido-por-la-municipalidad-de-vallenar","status":"publish","type":"post","link":"https:\/\/www.radioamigavallenar.cl\/?p=3360","title":{"rendered":"Carabinero de Domeyko es reconocido por la municipalidad de Vallenar"},"content":{"rendered":"<div style=\"text-align: justify;\"><a href=\"http:\/\/www.radioamigavallenar.cl\/wp-content\/uploads\/2017\/01\/Reconocimiento-Carab-Domeyko.jpg\"><img loading=\"lazy\" decoding=\"async\" class=\" size-medium wp-image-3361 aligncenter\" src=\"http:\/\/www.radioamigavallenar.cl\/wp-content\/uploads\/2017\/01\/Reconocimiento-Carab-Domeyko-300x259.jpg\" alt=\"reconocimiento-carab-domeyko\" width=\"300\" height=\"259\" srcset=\"https:\/\/www.radioamigavallenar.cl\/wp-content\/uploads\/2017\/01\/Reconocimiento-Carab-Domeyko-300x259.jpg 300w, https:\/\/www.radioamigavallenar.cl\/wp-content\/uploads\/2017\/01\/Reconocimiento-Carab-Domeyko.jpg 700w\" sizes=\"auto, (max-width: 300px) 100vw, 300px\" \/><\/a><\/div>\n<div style=\"text-align: justify;\"><\/div>\n<div id=\"m_-7991353440149681388yiv2329828516yui_3_16_0_ym19_1_1482420006988_12213\" style=\"text-align: justify;\"><span id=\"m_-7991353440149681388yiv2329828516yui_3_16_0_ym19_1_1482420006988_12214\">El cabo 2do. Edward Gamboa Fuentes, de dotaci\u00f3n del Ret\u00e9n de Carabineros Domeyko, recibi\u00f3 un reconocimiento de parte de la Municipalidad de Vallenar, por las buenas relaciones y el apoyo permanente hacia la comunidad.<\/span><\/div>\n<div style=\"text-align: justify;\"><\/div>\n<div id=\"m_-7991353440149681388yiv2329828516yui_3_16_0_ym19_1_1482420006988_12216\" style=\"text-align: justify;\"><span id=\"m_-7991353440149681388yiv2329828516yui_3_16_0_ym19_1_1482420006988_12217\">Dicho est\u00edmulo fue entregado por el alcalde Cristian Tapia Ramos, quien destac\u00f3 el aporte del funcionario\u00a0<span class=\"il\">policial<\/span> en el tema de la integraci\u00f3n con los diferentes sectores de los pobladores de dicha localidad rural, dependiente de la comuna de Vallenar.<\/span><\/div>\n<div style=\"text-align: justify;\"><\/div>\n<div id=\"m_-7991353440149681388yiv2329828516yui_3_16_0_ym19_1_1482420006988_12219\" style=\"text-align: justify;\"><span id=\"m_-7991353440149681388yiv2329828516yui_3_16_0_ym19_1_1482420006988_12220\">Entre las acciones desarrolladas por el Cabo 2do. Edward Gamboa, que destacan y que le permitieron ser merecedor del est\u00edmulo, est\u00e1 la creaci\u00f3n de la banda de guerra de la escuela Roberto Cuadra Alquinta de Domeyko.<\/span><\/div>\n<div id=\"m_-7991353440149681388yiv2329828516yui_3_16_0_ym19_1_1482420006988_12222\"><span id=\"m_-7991353440149681388yiv2329828516yui_3_16_0_ym19_1_1482420006988_12223\"><span id=\"m_-7991353440149681388yiv2329828516yui_3_16_0_ym19_1_1482420006988_12224\" style=\"font-family: Calibri;\">\u00a0<\/span><\/span><\/div>\n","protected":false},"excerpt":{"rendered":"<p>El cabo 2do. Edward Gamboa Fuentes, de dotaci\u00f3n del Ret\u00e9n de Carabineros Domeyko, recibi\u00f3 un reconocimiento de parte de la Municipalidad de Vallenar, por las&hellip; <\/p>\n","protected":false},"author":2,"featured_media":3361,"comment_status":"open","ping_status":"closed","sticky":false,"template":"","format":"standard","meta":{"footnotes":""},"categories":[6],"tags":[],"class_list":["post-3360","post","type-post","status-publish","format-standard","has-post-thumbnail","hentry","category-policial"],"_links":{"self":[{"href":"https:\/\/www.radioamigavallenar.cl\/index.php?rest_route=\/wp\/v2\/posts\/3360","targetHints":{"allow":["GET"]}}],"collection":[{"href":"https:\/\/www.radioamigavallenar.cl\/index.php?rest_route=\/wp\/v2\/posts"}],"about":[{"href":"https:\/\/www.radioamigavallenar.cl\/index.php?rest_route=\/wp\/v2\/types\/post"}],"author":[{"embeddable":true,"href":"https:\/\/www.radioamigavallenar.cl\/index.php?rest_route=\/wp\/v2\/users\/2"}],"replies":[{"embeddable":true,"href":"https:\/\/www.radioamigavallenar.cl\/index.php?rest_route=%2Fwp%2Fv2%2Fcomments&post=3360"}],"version-history":[{"count":0,"href":"https:\/\/www.radioamigavallenar.cl\/index.php?rest_route=\/wp\/v2\/posts\/3360\/revisions"}],"wp:featuredmedia":[{"embeddable":true,"href":"https:\/\/www.radioamigavallenar.cl\/index.php?rest_route=\/wp\/v2\/media\/3361"}],"wp:attachment":[{"href":"https:\/\/www.radioamigavallenar.cl\/index.php?rest_route=%2Fwp%2Fv2%2Fmedia&parent=3360"}],"wp:term":[{"taxonomy":"category","embeddable":true,"href":"https:\/\/www.radioamigavallenar.cl\/index.php?rest_route=%2Fwp%2Fv2%2Fcategories&post=3360"},{"taxonomy":"post_tag","embeddable":true,"href":"https:\/\/www.radioamigavallenar.cl\/index.php?rest_route=%2Fwp%2Fv2%2Ftags&post=3360"}],"curies":[{"name":"wp","href":"https:\/\/api.w.org\/{rel}","templated":true}]}}