{"id":3356,"date":"2017-01-02T10:44:02","date_gmt":"2017-01-02T13:44:02","guid":{"rendered":"http:\/\/www.radioamigavallenar.cl\/?p=3356"},"modified":"2017-01-02T10:44:02","modified_gmt":"2017-01-02T13:44:02","slug":"estudio-permite-conocer-condiciones-en-las-que-se-encuentra-el-adulto-mayor-en-la-provincia-del-huasco","status":"publish","type":"post","link":"https:\/\/www.radioamigavallenar.cl\/?p=3356","title":{"rendered":"Estudio permite conocer condiciones en las que se encuentra el adulto mayor en la provincia del Huasco"},"content":{"rendered":"<p style=\"text-align: justify;\"><a href=\"http:\/\/www.radioamigavallenar.cl\/wp-content\/uploads\/2017\/01\/aduktos-mayores-estudio.jpg\"><img loading=\"lazy\" decoding=\"async\" class=\" size-medium wp-image-3357 aligncenter\" src=\"http:\/\/www.radioamigavallenar.cl\/wp-content\/uploads\/2017\/01\/aduktos-mayores-estudio-300x224.jpg\" alt=\"aduktos-mayores-estudio\" width=\"300\" height=\"224\" srcset=\"https:\/\/www.radioamigavallenar.cl\/wp-content\/uploads\/2017\/01\/aduktos-mayores-estudio-300x224.jpg 300w, https:\/\/www.radioamigavallenar.cl\/wp-content\/uploads\/2017\/01\/aduktos-mayores-estudio.jpg 700w\" sizes=\"auto, (max-width: 300px) 100vw, 300px\" \/><\/a><\/p>\n<p style=\"text-align: justify;\">Considerando la importancia de caracterizar a los adultos mayores existentes en la provincia del Huasco, conocer de sus necesidades, en aras de enfocar los esfuerzos del gobierno de forma m\u00e1s eficaz y eficiente, de tal manera de suplir, anhelos y esperanzas, en ese concepto es que se llev\u00f3 a cabo un estudio destinado a la realizaci\u00f3n de un catastro de car\u00e1cter social, en fomento del envejecimiento activo y el desarrollo de servicios sociales para las personas mayores.<\/p>\n<p style=\"text-align: justify;\">Un proyecto de la gobernaci\u00f3n provincial del Huasco, financiado con recursos del FNDR \u2013 2016,\u00a0 que permiti\u00f3 recabar antecedentes de m\u00e1s de 2 mil 400 adultos mayores de toda la provincia de Huasco, de las comuna de Huasco, Vallenar, Freirina y Alto del Carmen.<\/p>\n<p style=\"text-align: justify;\">Datos que permitieron saber, por ejemplo que de los adultos mayores encuestados un 49% son casados, un 24% solteros, un 26% viudos y un 1% divorciados. El mayor porcentaje de adultos mayores casados se encuentran en la comuna de Huasco, la mayor cantidad de viudos se encuentran en Vallenar, y el porcentaje m\u00e1s alto de solteros se ubica en la comuna de Alto del Carmen.<\/p>\n<p style=\"text-align: justify;\">Del mismo modo se logr\u00f3 registrar que en la provincia existe una \u00a0mayor proporci\u00f3n de mujeres adultas 56,5%\u00a0 ante un 43,5% de adultos mayores varones. Otros datos dan cuenta de las patolog\u00edas m\u00e1s frecuentes entre los mayores encuestados; Hipertension arterial, diabetes, Artritis \u2013 artrosis.<\/p>\n<p style=\"text-align: justify;\">Datos todos muy interesantes que abordan tem\u00e1ticas como; previsi\u00f3n, condiciones de habitabilidad, viven solos o acompa\u00f1ados, nivel funcional, autovalentes, situaci\u00f3n de dependencia, patolog\u00edas m\u00e1s frecuentes, control de salud, disponibilidad de servicios b\u00e1sicos, participaci\u00f3n social, etc., una completa informaci\u00f3n que recoge datos muy interesantes que han de permitir mejor orientar y fortalecer las pol\u00edticas p\u00fablicas y programas de gobierno para \u201cLos m\u00e1s grandes de la provincia del Huasco\u201d, como se denomin\u00f3 esta iniciativa.<\/p>\n<p style=\"text-align: justify;\">Un trabajo que se hizo de manera conjunta y con una amplia participaci\u00f3n de los dirigentes del sector, a trav\u00e9s de las respectivas uniones comunales.<\/p>\n<p style=\"text-align: justify;\">Sobre el particular, la gobernadora de la provincia, Alexandra N\u00fa\u00f1ez, manifest\u00f3 el compromiso de hacer gesti\u00f3n para dar continuidad a este tipo de iniciativas \u201cla idea nuestra es seguir trabajando en un proyecto que le d\u00e9 consecuci\u00f3n a \u00e9ste, cuyo objetivo apunte en la necesidad de enfocar nuestra acci\u00f3n y las pol\u00edticas p\u00fablicas en torno a nuestras realidades\u201d, puntualiz\u00f3.<\/p>\n<p style=\"text-align: justify;\">Silvio Avalos, presidente de la UCAM \u2013 Alto del Carmen, en nombre\u00a0 de los adultos mayores directos beneficiarios de este proyecto, manifest\u00f3 sus satisfacci\u00f3n por el trabajo que de manera conjunta pudieron desarrollar con la gobernaci\u00f3n provincial, \u201cfue un trabajo bastante grande y es un beneficio que esperamos sea bueno, seguir trabajando\u00a0 para mejorar las falencias que tenemos como adultos mayores, hoy d\u00eda se cuenta con esta importante informaci\u00f3n\u201d, destac\u00f3.<\/p>\n<p style=\"text-align: justify;\">Por su parte el intendente de Atacama, Miguel Vargas, destac\u00f3 la importancia del trabajo realizado, toda vez que permite tomar buenas decisiones a la hora de implementar nuestras pol\u00edticas p\u00fablicas, relevando que \u201cobviamente es una informaci\u00f3n que debe ser perfeccionada\u00a0 a\u00fan m\u00e1s, tenemos que llegar a m\u00e1s personas mayores, todav\u00eda no est\u00e1 catastrado el 100% y tenemos que dar continuidad a esta iniciativa y lograr optimizar los niveles de coordinaci\u00f3n entre las entidades p\u00fablicas y que efectivamente los programas lleguen a quienes m\u00e1s lo necesitan, en este caso, los adultos mayores, a los que hemos llamados Los m\u00e1s grandes del valle del Huasco\u201d, indic\u00f3.<\/p>\n<p>&nbsp;<\/p>\n","protected":false},"excerpt":{"rendered":"<p>Considerando la importancia de caracterizar a los adultos mayores existentes en la provincia del Huasco, conocer de sus necesidades, en aras de enfocar los esfuerzos&hellip; <\/p>\n","protected":false},"author":2,"featured_media":3357,"comment_status":"open","ping_status":"closed","sticky":false,"template":"","format":"standard","meta":{"footnotes":""},"categories":[7],"tags":[],"class_list":["post-3356","post","type-post","status-publish","format-standard","has-post-thumbnail","hentry","category-atacama"],"_links":{"self":[{"href":"https:\/\/www.radioamigavallenar.cl\/index.php?rest_route=\/wp\/v2\/posts\/3356","targetHints":{"allow":["GET"]}}],"collection":[{"href":"https:\/\/www.radioamigavallenar.cl\/index.php?rest_route=\/wp\/v2\/posts"}],"about":[{"href":"https:\/\/www.radioamigavallenar.cl\/index.php?rest_route=\/wp\/v2\/types\/post"}],"author":[{"embeddable":true,"href":"https:\/\/www.radioamigavallenar.cl\/index.php?rest_route=\/wp\/v2\/users\/2"}],"replies":[{"embeddable":true,"href":"https:\/\/www.radioamigavallenar.cl\/index.php?rest_route=%2Fwp%2Fv2%2Fcomments&post=3356"}],"version-history":[{"count":0,"href":"https:\/\/www.radioamigavallenar.cl\/index.php?rest_route=\/wp\/v2\/posts\/3356\/revisions"}],"wp:featuredmedia":[{"embeddable":true,"href":"https:\/\/www.radioamigavallenar.cl\/index.php?rest_route=\/wp\/v2\/media\/3357"}],"wp:attachment":[{"href":"https:\/\/www.radioamigavallenar.cl\/index.php?rest_route=%2Fwp%2Fv2%2Fmedia&parent=3356"}],"wp:term":[{"taxonomy":"category","embeddable":true,"href":"https:\/\/www.radioamigavallenar.cl\/index.php?rest_route=%2Fwp%2Fv2%2Fcategories&post=3356"},{"taxonomy":"post_tag","embeddable":true,"href":"https:\/\/www.radioamigavallenar.cl\/index.php?rest_route=%2Fwp%2Fv2%2Ftags&post=3356"}],"curies":[{"name":"wp","href":"https:\/\/api.w.org\/{rel}","templated":true}]}}