{"id":3352,"date":"2017-01-02T10:39:15","date_gmt":"2017-01-02T13:39:15","guid":{"rendered":"http:\/\/www.radioamigavallenar.cl\/?p=3352"},"modified":"2017-01-02T10:39:15","modified_gmt":"2017-01-02T13:39:15","slug":"ponen-en-marcha-funcionamiento-de-camaras-de-seguridad-en-vallenar","status":"publish","type":"post","link":"https:\/\/www.radioamigavallenar.cl\/?p=3352","title":{"rendered":"Ponen en marcha funcionamiento de c\u00e1maras de seguridad en Vallenar"},"content":{"rendered":"<p><a href=\"http:\/\/www.radioamigavallenar.cl\/wp-content\/uploads\/2017\/01\/Plan-seguridad.jpg\"><img loading=\"lazy\" decoding=\"async\" class=\" size-medium wp-image-3353 aligncenter\" src=\"http:\/\/www.radioamigavallenar.cl\/wp-content\/uploads\/2017\/01\/Plan-seguridad-300x225.jpg\" alt=\"plan-seguridad\" width=\"300\" height=\"225\" srcset=\"https:\/\/www.radioamigavallenar.cl\/wp-content\/uploads\/2017\/01\/Plan-seguridad-300x225.jpg 300w, https:\/\/www.radioamigavallenar.cl\/wp-content\/uploads\/2017\/01\/Plan-seguridad.jpg 700w\" sizes=\"auto, (max-width: 300px) 100vw, 300px\" \/><\/a><\/p>\n<p style=\"text-align: justify;\">La reparaci\u00f3n y puesta en servicio de 11 c\u00e1maras de tele-vigilancia, instaladas en diversos puntos del centro de la ciudad de Vallenar, iniciativa concretada mediante la ejecuci\u00f3n de un proyecto que demand\u00f3 una inversi\u00f3n del orden de los 28 millones de pesos, financiado con recursos del 2% del FNDR para entidades p\u00fablicas y ejecutado a trav\u00e9s de la gobernaci\u00f3n provincial del Huasco, destac\u00f3 recientemente la m\u00e1xima autoridad de gobierno, en la zona, la gobernadora Alexandra N\u00fa\u00f1ez Sorich.<\/p>\n<p style=\"text-align: justify;\">Iniciativa desarrollada en el marco de la ejecuci\u00f3n de un Programa Provincial de Seguridad P\u00fablica, el cual abarc\u00f3 la realizaci\u00f3n de dos importantes proyectos; un Plan Provincial para la Prevenci\u00f3n de los Delitos en la provincia de Huasco y el proyecto \u201cMejorando la seguridad urbana de Vallenar\u201d, \u00e9ste \u00faltimo del cual se desprende la reparaci\u00f3n, mantenci\u00f3n y puesta en servicio de las c\u00e1maras de seguridad.<\/p>\n<p style=\"text-align: justify;\">Proyectos desarrollados con el prop\u00f3sito de fortalecer el trabajo que realizan \u00a0las polic\u00edas y la coordinaci\u00f3n con la comunidad organizada, que permitieron establecer acciones \u00a0con diversos sectores de la poblaci\u00f3n, particularmente con los sectores m\u00e1s apartados.<\/p>\n<p style=\"text-align: justify;\">Un Plan Provincial para la Prevenci\u00f3n de los Delitos en la provincia de Huasco, iniciativa mediante la cual se dieron a conocer los principales\u00a0 alcances del Plan Nacional de Seguridad P\u00fablica en las localidades m\u00e1s apartadas de la zona, a trav\u00e9s de una serie de talleres focalizados y con\u00a0 la participaci\u00f3n de Carabineros y PDI. Adem\u00e1s de la implementaci\u00f3n de un plan de difusi\u00f3n referido a las pol\u00edticas de gobierno en materia de seguridad p\u00fablica a trav\u00e9s de medios comunicaci\u00f3n y la distribuci\u00f3n de material gr\u00e1fico.<\/p>\n<p style=\"text-align: justify;\">\u201cUna de las prioridades que el gobierno de la Presidenta de la Rep\u00fablica Michelle Bachelet,\u00a0 ha puesto especial \u00e9nfasis, tiene que ver con la seguridad p\u00fablica, y en ese contexto toda iniciativa que se desarrolle en ese \u00e1mbito, adquiere, especial relevancia\u201d, destac\u00f3 la gobernadora de la provincia del Huasco, Alexandra N\u00fa\u00f1ez Sorich, al relevar el trabajo\u00a0 desplegado en toda la provincia en esta materia.<\/p>\n<p style=\"text-align: justify;\">Para el coordinador regional de seguridad p\u00fablica, Carlos Olivares, la instancia permite dar respuesta a las demandas que la poblaci\u00f3n en esta materia ha venido expresando con lo cual se pretende garantizar una sensaci\u00f3n de mayor tranquilidad para los habitantes de la provincia y, particularmente a los habitantes de la comuna de Vallenar, ello al referirse a la materializaci\u00f3n del proyecto de las c\u00e1maras de seguridad, en tal sentido destac\u00f3 tambi\u00e9n la materializaci\u00f3n de un convenio tripartito entre la gobernaci\u00f3n, carabineros y el municipio local que han de permitir un buen funcionamiento, operaci\u00f3n y mantenci\u00f3n de un sistema de seguridad que la poblaci\u00f3n se merece.<\/p>\n<p style=\"text-align: justify;\">En el mismo tema, el Mayor Comisario de Carabineros de Vallenar, Mario Recabarren Leiva, calific\u00f3 como un hecho de gran importancia la puesta en funcionamiento del sistema de c\u00e1maras de tele-vigilancia para Vallenar, lo que ha de permitir \u2013 dijo \u2013 \u201cperseguir penalmente el delito, un elemento disuasivo que contribuya en la tarea de garantizar seguridad, tranquilidad y bienestar de la poblaci\u00f3n\u201d, expres\u00f3.<\/p>\n","protected":false},"excerpt":{"rendered":"<p>La reparaci\u00f3n y puesta en servicio de 11 c\u00e1maras de tele-vigilancia, instaladas en diversos puntos del centro de la ciudad de Vallenar, iniciativa concretada mediante&hellip; <\/p>\n","protected":false},"author":2,"featured_media":3353,"comment_status":"open","ping_status":"closed","sticky":false,"template":"","format":"standard","meta":{"footnotes":""},"categories":[6],"tags":[],"class_list":["post-3352","post","type-post","status-publish","format-standard","has-post-thumbnail","hentry","category-policial"],"_links":{"self":[{"href":"https:\/\/www.radioamigavallenar.cl\/index.php?rest_route=\/wp\/v2\/posts\/3352","targetHints":{"allow":["GET"]}}],"collection":[{"href":"https:\/\/www.radioamigavallenar.cl\/index.php?rest_route=\/wp\/v2\/posts"}],"about":[{"href":"https:\/\/www.radioamigavallenar.cl\/index.php?rest_route=\/wp\/v2\/types\/post"}],"author":[{"embeddable":true,"href":"https:\/\/www.radioamigavallenar.cl\/index.php?rest_route=\/wp\/v2\/users\/2"}],"replies":[{"embeddable":true,"href":"https:\/\/www.radioamigavallenar.cl\/index.php?rest_route=%2Fwp%2Fv2%2Fcomments&post=3352"}],"version-history":[{"count":0,"href":"https:\/\/www.radioamigavallenar.cl\/index.php?rest_route=\/wp\/v2\/posts\/3352\/revisions"}],"wp:featuredmedia":[{"embeddable":true,"href":"https:\/\/www.radioamigavallenar.cl\/index.php?rest_route=\/wp\/v2\/media\/3353"}],"wp:attachment":[{"href":"https:\/\/www.radioamigavallenar.cl\/index.php?rest_route=%2Fwp%2Fv2%2Fmedia&parent=3352"}],"wp:term":[{"taxonomy":"category","embeddable":true,"href":"https:\/\/www.radioamigavallenar.cl\/index.php?rest_route=%2Fwp%2Fv2%2Fcategories&post=3352"},{"taxonomy":"post_tag","embeddable":true,"href":"https:\/\/www.radioamigavallenar.cl\/index.php?rest_route=%2Fwp%2Fv2%2Ftags&post=3352"}],"curies":[{"name":"wp","href":"https:\/\/api.w.org\/{rel}","templated":true}]}}