{"id":335,"date":"2016-05-05T06:02:19","date_gmt":"2016-05-05T09:02:19","guid":{"rendered":"http:\/\/www.radioamigavallenar.cl\/?p=335"},"modified":"2016-05-05T01:36:58","modified_gmt":"2016-05-05T04:36:58","slug":"abuelitos-de-freirina-destacaron-publicamente-a-fiscal-jorge-hernandez","status":"publish","type":"post","link":"https:\/\/www.radioamigavallenar.cl\/?p=335","title":{"rendered":"Abuelitos de Freirina destacaron p\u00fablicamente a fiscal Jorge Hern\u00e1ndez"},"content":{"rendered":"<p style=\"text-align: justify;\"><a href=\"http:\/\/www.radioamigavallenar.cl\/wp-content\/uploads\/2016\/05\/Fiscalia-Freirina.jpg\"><img loading=\"lazy\" decoding=\"async\" class=\" size-medium wp-image-328 aligncenter\" src=\"http:\/\/www.radioamigavallenar.cl\/wp-content\/uploads\/2016\/05\/Fiscalia-Freirina-300x198.jpg\" alt=\"Fiscalia Freirina\" width=\"300\" height=\"198\" srcset=\"https:\/\/www.radioamigavallenar.cl\/wp-content\/uploads\/2016\/05\/Fiscalia-Freirina-300x198.jpg 300w, https:\/\/www.radioamigavallenar.cl\/wp-content\/uploads\/2016\/05\/Fiscalia-Freirina.jpg 700w\" sizes=\"auto, (max-width: 300px) 100vw, 300px\" \/><\/a><\/p>\n<p style=\"text-align: justify;\">La Uni\u00f3n Comunal del Adulto Mayor de Freirina realiz\u00f3 un p\u00fablico reconocimiento a la Fiscal\u00eda de Atacama, distinci\u00f3n que recibi\u00f3 el fiscal adjunto jefe de la localidad, Jorge Hern\u00e1ndez Angel.<\/p>\n<p style=\"text-align: justify;\">La ceremonia en que se destac\u00f3 el permanente contacto de la instituci\u00f3n con los integrantes de la mencionada agrupaci\u00f3n se desarroll\u00f3 en la Casa de la Cultura, ocasi\u00f3n en que el fiscal agradeci\u00f3 la distinci\u00f3n. \u201cPara la Fiscal\u00eda es muy importante mantener un permanente contacto con la comunidad. En este sentido destacamos la activa participaci\u00f3n que tiene la Uni\u00f3n Comunal de Adultos Mayores, con quienes hemos realizado distintas actividades y continuaremos en contacto para apoyarlos y entregarles informaci\u00f3n que confiamos es de gran utilidad para sus actividades y que adem\u00e1s pueden hacer extensiva a sus familias\u201d, dijo Jorge Hern\u00e1ndez.<\/p>\n<p style=\"text-align: justify;\">De la misma manera, el fiscal mencion\u00f3 que la Fiscal\u00eda ha realizado varias charlas informativas a los integrantes de la Uni\u00f3n Comunal, adem\u00e1s de gestionar que las multas que se aplica el Tribunal a imputados por manejo en estado de ebriedad como parte de la suspensi\u00f3n condicional de los procedimientos sean entregadas a esta agrupaci\u00f3n.<\/p>\n<p style=\"text-align: justify;\">Por su parte, el presidente de los clubes de adultos mayores de Freirina, H\u00e9ctor Alarc\u00f3n, indic\u00f3 que la principal motivaci\u00f3n de este reconocimiento fue destacar el contacto directo que siempre han tenido con la Fiscal\u00eda.<\/p>\n<p style=\"text-align: justify;\">(Audio H\u00e9ctor Alarc\u00f3n, Pdte Uni\u00f3n Comunal de Adultos Mayores de Freirina)<\/p>\n<p style=\"text-align: justify;\">\n<audio class=\"wp-audio-shortcode\" id=\"audio-335-1\" preload=\"none\" style=\"width: 100%;\" controls=\"controls\"><source type=\"audio\/mpeg\" src=\"http:\/\/www.radioamigavallenar.cl\/wp-content\/uploads\/2016\/05\/Hector-Alarc\u00f3n.mp3?_=1\" \/><a href=\"http:\/\/www.radioamigavallenar.cl\/wp-content\/uploads\/2016\/05\/Hector-Alarc\u00f3n.mp3\">http:\/\/www.radioamigavallenar.cl\/wp-content\/uploads\/2016\/05\/Hector-Alarc\u00f3n.mp3<\/a><\/audio>\n<p style=\"text-align: justify;\">\u201cCon los aportes que recibimos podemos ayudar a nuestros socios en sus distintas necesidades econ\u00f3micas que tienen como la compra de remedios, pasajes o traslados. Quisimos destacar en el fiscal Hern\u00e1ndez la labor de la Fiscal\u00eda y el aporte que hace hacia nuestra agrupaci\u00f3n, cada vez que los necesitamos los llamamos y vienen a entregarnos distinta informaci\u00f3n y antecedentes que siempre es bueno conocer respecto de c\u00f3mo denunciar un delito\u201d, dijo.<\/p>\n<p style=\"text-align: justify;\">El dirigente valor\u00f3 adem\u00e1s la permanente atenci\u00f3n que el fiscal y funcionarios tienen ante los requerimientos que le realizan a la instituci\u00f3n encargada de la persecuci\u00f3n penal de los delitos.<\/p>\n","protected":false},"excerpt":{"rendered":"<p>La Uni\u00f3n Comunal del Adulto Mayor de Freirina realiz\u00f3 un p\u00fablico reconocimiento a la Fiscal\u00eda de Atacama, distinci\u00f3n que recibi\u00f3 el fiscal adjunto jefe de&hellip; <\/p>\n","protected":false},"author":2,"featured_media":328,"comment_status":"open","ping_status":"closed","sticky":false,"template":"","format":"standard","meta":{"footnotes":""},"categories":[3],"tags":[],"class_list":["post-335","post","type-post","status-publish","format-standard","has-post-thumbnail","hentry","category-freirina"],"_links":{"self":[{"href":"https:\/\/www.radioamigavallenar.cl\/index.php?rest_route=\/wp\/v2\/posts\/335","targetHints":{"allow":["GET"]}}],"collection":[{"href":"https:\/\/www.radioamigavallenar.cl\/index.php?rest_route=\/wp\/v2\/posts"}],"about":[{"href":"https:\/\/www.radioamigavallenar.cl\/index.php?rest_route=\/wp\/v2\/types\/post"}],"author":[{"embeddable":true,"href":"https:\/\/www.radioamigavallenar.cl\/index.php?rest_route=\/wp\/v2\/users\/2"}],"replies":[{"embeddable":true,"href":"https:\/\/www.radioamigavallenar.cl\/index.php?rest_route=%2Fwp%2Fv2%2Fcomments&post=335"}],"version-history":[{"count":0,"href":"https:\/\/www.radioamigavallenar.cl\/index.php?rest_route=\/wp\/v2\/posts\/335\/revisions"}],"wp:featuredmedia":[{"embeddable":true,"href":"https:\/\/www.radioamigavallenar.cl\/index.php?rest_route=\/wp\/v2\/media\/328"}],"wp:attachment":[{"href":"https:\/\/www.radioamigavallenar.cl\/index.php?rest_route=%2Fwp%2Fv2%2Fmedia&parent=335"}],"wp:term":[{"taxonomy":"category","embeddable":true,"href":"https:\/\/www.radioamigavallenar.cl\/index.php?rest_route=%2Fwp%2Fv2%2Fcategories&post=335"},{"taxonomy":"post_tag","embeddable":true,"href":"https:\/\/www.radioamigavallenar.cl\/index.php?rest_route=%2Fwp%2Fv2%2Ftags&post=335"}],"curies":[{"name":"wp","href":"https:\/\/api.w.org\/{rel}","templated":true}]}}