{"id":3346,"date":"2017-01-01T20:34:42","date_gmt":"2017-01-01T23:34:42","guid":{"rendered":"http:\/\/www.radioamigavallenar.cl\/?p=3346"},"modified":"2017-01-01T20:34:42","modified_gmt":"2017-01-01T23:34:42","slug":"seremi-de-gobierno-entrego-recursos-para-el-desarrollo-de-proyectos-de-organizaciones-sociales-de-la-comuna-de-alto-del-carmen","status":"publish","type":"post","link":"https:\/\/www.radioamigavallenar.cl\/?p=3346","title":{"rendered":"Seremi de Gobierno entreg\u00f3 recursos para el desarrollo de proyectos de Organizaciones Sociales de la Comuna de Alto del Carmen"},"content":{"rendered":"<p style=\"text-align: justify;\"><a href=\"http:\/\/www.radioamigavallenar.cl\/wp-content\/uploads\/2017\/01\/FPR-2016.jpg\"><img loading=\"lazy\" decoding=\"async\" class=\" size-medium wp-image-3347 aligncenter\" src=\"http:\/\/www.radioamigavallenar.cl\/wp-content\/uploads\/2017\/01\/FPR-2016-300x170.jpg\" alt=\"fpr-2016\" width=\"300\" height=\"170\" srcset=\"https:\/\/www.radioamigavallenar.cl\/wp-content\/uploads\/2017\/01\/FPR-2016-300x170.jpg 300w, https:\/\/www.radioamigavallenar.cl\/wp-content\/uploads\/2017\/01\/FPR-2016.jpg 700w\" sizes=\"auto, (max-width: 300px) 100vw, 300px\" \/><\/a><\/p>\n<p style=\"text-align: justify;\">En dependencias de la Gobernaci\u00f3n del Huasco, se realiz\u00f3 la ceremonia de entrega de recursos del Fondo de Fortalecimiento para Organizaciones de Inter\u00e9s P\u00fablico (FFOIP) 2016<span id=\"more-116069\"><\/span><\/p>\n<p style=\"text-align: justify;\">Iniciativa impulsada por el Ministerio Secretar\u00eda General de Gobierno, y que permite la ejecuci\u00f3n de proyectos de car\u00e1cter regional y nacional orientados a la promoci\u00f3n del inter\u00e9s general en materia de derechos ciudadanos, asistencia social, educaci\u00f3n, salud, medio ambiente o cualquiera otra de bien com\u00fan.<\/p>\n<p style=\"text-align: justify;\">En esta ocasi\u00f3n se vieron beneficiados 2 centros de madres de la Comuna de Alto de Alto del Carmen, espec\u00edficamente de la localidad de San F\u00e9lix, los que forman parte de un total de 25 proyectos ganadores en Atacama. Los beneficiados fueron el Centro de Madres La Majada y el Centro de Madres Nuestra Se\u00f1ora de La Merced, ambos recibieron un cheque por 2 millones de pesos.<\/p>\n<p style=\"text-align: justify;\">La ceremonia de entrega de los fondos, fue encabeza por el Seremi de Gobierno de Atacama, Jorge Hidalgo, y la Gobernadora de la Provincia del Huasco, Alexandra N\u00fa\u00f1ez, quienes hicieron entrega de los respectivos cheques a las organizaciones, cuyos proyectos fueron adjudicados a trav\u00e9s del FFOIP 2016.<\/p>\n<p style=\"text-align: justify;\">Al respecto, el Seremi de Gobierno, se\u00f1al\u00f3 que \u201choy estamos entregando estos fondos a dos centros de madres de la comuna de Alto del Carmen, lo que nos llena de orgullo, porque ambos proyectos van a ser de gran utilidad para las mujeres de estas agrupaciones, quienes con esfuerzo han desarrollado una gran labor social que hoy les permite contar con estos recursos que entrega el Gobierno de la Presidenta Bachelet, para potenciar el trabajo de las organizaciones sociales\u201d.<\/p>\n<p style=\"text-align: justify;\">Elsa Riquelme, Presidenta del Centro de Madres Nuestra Se\u00f1ora de la Merced de San F\u00e9lix, dijo estar muy complacida con estos recursos, argumentando que: \u201cestoy muy contenta al ser beneficiada con estos Fondos del Gobierno, porque nos permiten seguir trabajando en lo que nos gusta; bordar, cocer y hacer cosas para la casa\u201d.<\/p>\n<p style=\"text-align: justify;\">Marcela Duarte, Presidenta del Centro de Madres La Majada, se mostr\u00f3 muy satisfecha con haber sido beneficiada con los Fondos del Gobierno y se\u00f1al\u00f3 que: \u201cpara nosotros es una etapa m\u00e1s que tenemos que cumplir y desarrollarla de buena forma, ya que nos da la oportunidad de tener una sala de ventas en nuestra propia localidad, y de ah\u00ed expandirnos a nuestro Valle del Huasco completo. Hoy con este proyecto que nos ganamos estamos haciendo realidad un sue\u00f1o gracias al aporte que nos da el Gobierno\u201d<\/p>\n","protected":false},"excerpt":{"rendered":"<p>En dependencias de la Gobernaci\u00f3n del Huasco, se realiz\u00f3 la ceremonia de entrega de recursos del Fondo de Fortalecimiento para Organizaciones de Inter\u00e9s P\u00fablico (FFOIP)&hellip; <\/p>\n","protected":false},"author":2,"featured_media":3347,"comment_status":"open","ping_status":"closed","sticky":false,"template":"","format":"standard","meta":{"footnotes":""},"categories":[5],"tags":[],"class_list":["post-3346","post","type-post","status-publish","format-standard","has-post-thumbnail","hentry","category-alto-del-carmen"],"_links":{"self":[{"href":"https:\/\/www.radioamigavallenar.cl\/index.php?rest_route=\/wp\/v2\/posts\/3346","targetHints":{"allow":["GET"]}}],"collection":[{"href":"https:\/\/www.radioamigavallenar.cl\/index.php?rest_route=\/wp\/v2\/posts"}],"about":[{"href":"https:\/\/www.radioamigavallenar.cl\/index.php?rest_route=\/wp\/v2\/types\/post"}],"author":[{"embeddable":true,"href":"https:\/\/www.radioamigavallenar.cl\/index.php?rest_route=\/wp\/v2\/users\/2"}],"replies":[{"embeddable":true,"href":"https:\/\/www.radioamigavallenar.cl\/index.php?rest_route=%2Fwp%2Fv2%2Fcomments&post=3346"}],"version-history":[{"count":0,"href":"https:\/\/www.radioamigavallenar.cl\/index.php?rest_route=\/wp\/v2\/posts\/3346\/revisions"}],"wp:featuredmedia":[{"embeddable":true,"href":"https:\/\/www.radioamigavallenar.cl\/index.php?rest_route=\/wp\/v2\/media\/3347"}],"wp:attachment":[{"href":"https:\/\/www.radioamigavallenar.cl\/index.php?rest_route=%2Fwp%2Fv2%2Fmedia&parent=3346"}],"wp:term":[{"taxonomy":"category","embeddable":true,"href":"https:\/\/www.radioamigavallenar.cl\/index.php?rest_route=%2Fwp%2Fv2%2Fcategories&post=3346"},{"taxonomy":"post_tag","embeddable":true,"href":"https:\/\/www.radioamigavallenar.cl\/index.php?rest_route=%2Fwp%2Fv2%2Ftags&post=3346"}],"curies":[{"name":"wp","href":"https:\/\/api.w.org\/{rel}","templated":true}]}}