{"id":3341,"date":"2016-12-30T12:32:04","date_gmt":"2016-12-30T15:32:04","guid":{"rendered":"http:\/\/www.radioamigavallenar.cl\/?p=3341"},"modified":"2016-12-30T12:32:04","modified_gmt":"2016-12-30T15:32:04","slug":"vallenar-y-domeyko-con-show-musical-y-pirotecnico-esperaran-la-llegada-del-2017","status":"publish","type":"post","link":"https:\/\/www.radioamigavallenar.cl\/?p=3341","title":{"rendered":"Vallenar y Domeyko  con show musical y pirot\u00e9cnico esperar\u00e1n la llegada del 2017"},"content":{"rendered":"<p style=\"text-align: justify;\"><a href=\"http:\/\/www.radioamigavallenar.cl\/wp-content\/uploads\/2016\/12\/Referenciales-a\u00f1o-nuevo-2016-1.jpg\"><img loading=\"lazy\" decoding=\"async\" class=\" size-medium wp-image-3342 aligncenter\" src=\"http:\/\/www.radioamigavallenar.cl\/wp-content\/uploads\/2016\/12\/Referenciales-a\u00f1o-nuevo-2016-1-300x225.jpg\" alt=\"referenciales-ano-nuevo-2016-1\" width=\"300\" height=\"225\" srcset=\"https:\/\/www.radioamigavallenar.cl\/wp-content\/uploads\/2016\/12\/Referenciales-a\u00f1o-nuevo-2016-1-300x225.jpg 300w, https:\/\/www.radioamigavallenar.cl\/wp-content\/uploads\/2016\/12\/Referenciales-a\u00f1o-nuevo-2016-1.jpg 700w\" sizes=\"auto, (max-width: 300px) 100vw, 300px\" \/><\/a><\/p>\n<p style=\"text-align: justify;\">Una gran fiesta para compartir en familia, se vivir\u00e1 este 31 de diciembre en el sector Anfiteatro del Paseo Ribere\u00f1o desde las 21 horas. Paralelamente en Domeyko, se realizar\u00e1 un show similar, el cual comenzar\u00e1 a las 22:00 horas en la plaza Las Am\u00e9ricas de la localidad minera.<\/p>\n<p style=\"text-align: justify;\">\u201cQueremos invitar a toda nuestra comunidad vallenarina y alrededores, para que se acerquen a nuestro Paseo Ribere\u00f1o y celebre con nosotros como todos los a\u00f1os. Ser\u00e1 una m\u00e1gica noche donde podremos disfrutar de un gran show musical y adem\u00e1s, de 12 minutos de juegos artificiales. Felicitar a toda nuestra comunidad y los mejores deseos para este 2017 que se avecina\u201d, asever\u00f3 el alcalde de Vallenar, Cristian Tapia Ramos.<\/p>\n<p style=\"text-align: justify;\">La Municipalidad de Vallenar se encuentra afinando los \u00faltimos detalles para lo que ser\u00e1 esta gran fiesta familiar, la cual contar\u00e1 con un show pirot\u00e9cnico que durar\u00e1 alrededor de 12 minutos y se lanzar\u00e1 desde el Fundo Buen Retiro ubicado en el Altiplano Sur de la comuna.<\/p>\n<p style=\"text-align: justify;\">\u201cDomeyko tambi\u00e9n contar\u00e1 con show pirot\u00e9cnico y musical, por lo que tambi\u00e9n queremos invitar a nuestra gente que vive en las localidades del sector sur de Vallenar para que se acerquen a Domeyko y esperen este 2017 como corresponde, con alegr\u00eda y uni\u00f3n familiar\u201d, agreg\u00f3 la m\u00e1xima autoridad comunal.<\/p>\n<p style=\"text-align: justify;\">La previa del 2017 en el Ribere\u00f1o comenzar\u00e1 a eso de las 21:00 horas. En la oportunidad se presentar\u00e1n To\u00f1o Salazar, La Batuca y Los Parientes.<\/p>\n","protected":false},"excerpt":{"rendered":"<p>Una gran fiesta para compartir en familia, se vivir\u00e1 este 31 de diciembre en el sector Anfiteatro del Paseo Ribere\u00f1o desde las 21 horas. Paralelamente&hellip; <\/p>\n","protected":false},"author":2,"featured_media":3342,"comment_status":"open","ping_status":"closed","sticky":false,"template":"","format":"standard","meta":{"footnotes":""},"categories":[2],"tags":[],"class_list":["post-3341","post","type-post","status-publish","format-standard","has-post-thumbnail","hentry","category-vallenar"],"_links":{"self":[{"href":"https:\/\/www.radioamigavallenar.cl\/index.php?rest_route=\/wp\/v2\/posts\/3341","targetHints":{"allow":["GET"]}}],"collection":[{"href":"https:\/\/www.radioamigavallenar.cl\/index.php?rest_route=\/wp\/v2\/posts"}],"about":[{"href":"https:\/\/www.radioamigavallenar.cl\/index.php?rest_route=\/wp\/v2\/types\/post"}],"author":[{"embeddable":true,"href":"https:\/\/www.radioamigavallenar.cl\/index.php?rest_route=\/wp\/v2\/users\/2"}],"replies":[{"embeddable":true,"href":"https:\/\/www.radioamigavallenar.cl\/index.php?rest_route=%2Fwp%2Fv2%2Fcomments&post=3341"}],"version-history":[{"count":0,"href":"https:\/\/www.radioamigavallenar.cl\/index.php?rest_route=\/wp\/v2\/posts\/3341\/revisions"}],"wp:featuredmedia":[{"embeddable":true,"href":"https:\/\/www.radioamigavallenar.cl\/index.php?rest_route=\/wp\/v2\/media\/3342"}],"wp:attachment":[{"href":"https:\/\/www.radioamigavallenar.cl\/index.php?rest_route=%2Fwp%2Fv2%2Fmedia&parent=3341"}],"wp:term":[{"taxonomy":"category","embeddable":true,"href":"https:\/\/www.radioamigavallenar.cl\/index.php?rest_route=%2Fwp%2Fv2%2Fcategories&post=3341"},{"taxonomy":"post_tag","embeddable":true,"href":"https:\/\/www.radioamigavallenar.cl\/index.php?rest_route=%2Fwp%2Fv2%2Ftags&post=3341"}],"curies":[{"name":"wp","href":"https:\/\/api.w.org\/{rel}","templated":true}]}}