{"id":3331,"date":"2016-12-30T12:20:30","date_gmt":"2016-12-30T15:20:30","guid":{"rendered":"http:\/\/www.radioamigavallenar.cl\/?p=3331"},"modified":"2016-12-30T12:20:30","modified_gmt":"2016-12-30T15:20:30","slug":"fiscalia-y-dicrep-agilizaran-remates-de-especies-tras-firmar-convenio-de-trabajo","status":"publish","type":"post","link":"https:\/\/www.radioamigavallenar.cl\/?p=3331","title":{"rendered":"Fiscal\u00eda y Dicrep agilizar\u00e1n remates de especies tras firmar convenio de trabajo"},"content":{"rendered":"<p style=\"text-align: justify;\"><a href=\"http:\/\/www.radioamigavallenar.cl\/wp-content\/uploads\/2016\/12\/FIRMA-CONVENIO.jpg\"><img loading=\"lazy\" decoding=\"async\" class=\" size-medium wp-image-3332 aligncenter\" src=\"http:\/\/www.radioamigavallenar.cl\/wp-content\/uploads\/2016\/12\/FIRMA-CONVENIO-300x200.jpg\" alt=\"firma-convenio\" width=\"300\" height=\"200\" srcset=\"https:\/\/www.radioamigavallenar.cl\/wp-content\/uploads\/2016\/12\/FIRMA-CONVENIO-300x200.jpg 300w, https:\/\/www.radioamigavallenar.cl\/wp-content\/uploads\/2016\/12\/FIRMA-CONVENIO.jpg 700w\" sizes=\"auto, (max-width: 300px) 100vw, 300px\" \/><\/a><\/p>\n<p style=\"text-align: justify;\">Un importante convenio de colaboraci\u00f3n firm\u00f3 la Fiscal\u00eda de Atacama con la Direcci\u00f3n Regional de Cr\u00e9dito Prendario (Dicrep), el cual permitir\u00e1 agilizar los remates de especies que sean incautadas producto de las investigaciones de car\u00e1cter penal que se lleven a cabo en la regi\u00f3n.<\/p>\n<p style=\"text-align: justify;\">El documento fue firmado en presencia del fiscal regional de Atacama, Alexis Rogat Lucero, quien mencion\u00f3 que es sumamente importante el apoyo que la Dicrep presta a la Fiscal\u00eda con la ejecuci\u00f3n de los remates en que se someten a oferta p\u00fablica las especies incautadas.<\/p>\n<p style=\"text-align: justify;\">\u201cLa comunicaci\u00f3n y el apoyo mutuo entre la Fiscal\u00eda y la Dicrep siempre ha sido fluido, por lo que con la firma de este convenio se busca mejorar a\u00fan m\u00e1s los canales de apoyo mutuo entre ambos organismos. Adem\u00e1s de ampliar la colaboraci\u00f3n ante cada proceso de remate de especies que se programe en la regi\u00f3n\u201d, dijo el fiscal regional.<\/p>\n<p style=\"text-align: justify;\">Por su parte, el director de la Direcci\u00f3n de Cr\u00e9dito Prendario de Atacama, Hern\u00e1n D\u00edaz, calific\u00f3 como altamente significativo el poder concretar la firma de este convenio que permitir\u00e1 la fluidez de los procesos entre ambos organismos p\u00fablicos. \u201cEn la regi\u00f3n hay una alta incautaci\u00f3n de especies, por lo que el documento facilitar\u00e1 una relaci\u00f3n rec\u00edproca entre ambas entidades, lo que sin duda ir\u00e1 en directo beneficio del estado y la comunidad\u201d, mencion\u00f3 D\u00edaz.<\/p>\n<p style=\"text-align: justify;\">Finalmente, el director ejecutivo regional de la Fiscal\u00eda, Luis Delgado Valledor, indic\u00f3 que hay especies que por sus caracter\u00edsticas y bajo valor de subasta ser\u00e1n retirados de los listados que se entregar\u00e1n a la Dicrep para rematarlos. Medida que adem\u00e1s favorecer\u00e1 a la comunidad interesada en adquirir este tipo de productos a trav\u00e9s de los remates que ser\u00e1n oportunamente informados respecto de su lugar y hora de realizaci\u00f3n.<\/p>\n","protected":false},"excerpt":{"rendered":"<p>Un importante convenio de colaboraci\u00f3n firm\u00f3 la Fiscal\u00eda de Atacama con la Direcci\u00f3n Regional de Cr\u00e9dito Prendario (Dicrep), el cual permitir\u00e1 agilizar los remates de&hellip; <\/p>\n","protected":false},"author":2,"featured_media":3332,"comment_status":"open","ping_status":"closed","sticky":false,"template":"","format":"standard","meta":{"footnotes":""},"categories":[6],"tags":[],"class_list":["post-3331","post","type-post","status-publish","format-standard","has-post-thumbnail","hentry","category-policial"],"_links":{"self":[{"href":"https:\/\/www.radioamigavallenar.cl\/index.php?rest_route=\/wp\/v2\/posts\/3331","targetHints":{"allow":["GET"]}}],"collection":[{"href":"https:\/\/www.radioamigavallenar.cl\/index.php?rest_route=\/wp\/v2\/posts"}],"about":[{"href":"https:\/\/www.radioamigavallenar.cl\/index.php?rest_route=\/wp\/v2\/types\/post"}],"author":[{"embeddable":true,"href":"https:\/\/www.radioamigavallenar.cl\/index.php?rest_route=\/wp\/v2\/users\/2"}],"replies":[{"embeddable":true,"href":"https:\/\/www.radioamigavallenar.cl\/index.php?rest_route=%2Fwp%2Fv2%2Fcomments&post=3331"}],"version-history":[{"count":0,"href":"https:\/\/www.radioamigavallenar.cl\/index.php?rest_route=\/wp\/v2\/posts\/3331\/revisions"}],"wp:featuredmedia":[{"embeddable":true,"href":"https:\/\/www.radioamigavallenar.cl\/index.php?rest_route=\/wp\/v2\/media\/3332"}],"wp:attachment":[{"href":"https:\/\/www.radioamigavallenar.cl\/index.php?rest_route=%2Fwp%2Fv2%2Fmedia&parent=3331"}],"wp:term":[{"taxonomy":"category","embeddable":true,"href":"https:\/\/www.radioamigavallenar.cl\/index.php?rest_route=%2Fwp%2Fv2%2Fcategories&post=3331"},{"taxonomy":"post_tag","embeddable":true,"href":"https:\/\/www.radioamigavallenar.cl\/index.php?rest_route=%2Fwp%2Fv2%2Ftags&post=3331"}],"curies":[{"name":"wp","href":"https:\/\/api.w.org\/{rel}","templated":true}]}}