{"id":33288,"date":"2020-12-09T06:00:33","date_gmt":"2020-12-09T09:00:33","guid":{"rendered":"https:\/\/www.radioamigavallenar.cl\/?p=33288"},"modified":"2020-12-09T12:39:32","modified_gmt":"2020-12-09T15:39:32","slug":"ipom-nuevo-retiro-de-afp-apuntara-a-quintiles-mas-altos-y-su-impacto-en-consumo-sera-un-tanto-menor","status":"publish","type":"post","link":"https:\/\/www.radioamigavallenar.cl\/?p=33288","title":{"rendered":"IPoM: nuevo retiro de AFP apuntar\u00e1 a quintiles m\u00e1s altos y su impacto en consumo ser\u00e1 un tanto menor"},"content":{"rendered":"<p>El Banco Central (BC) public\u00f3 este mi\u00e9rcoles el\u00a0<strong>Informe de Pol\u00edtica Monetaria (IPoM)<\/strong>\u00a0de diciembre de 2020, en el que destac\u00f3 que el escenario econ\u00f3mico local e internacional sigue \u201cdeterminado por la\u00a0<strong>evoluci\u00f3n de la movilidad de las personas y su relaci\u00f3n con la pandemia del covid-19\u2033.<\/strong><\/p>\n<p>El informe advirti\u00f3 que el escenario macroecon\u00f3mico sigue mostrando m\u00e1s incertidumbre que lo usual, con proyecciones muy condicionadas a la evoluci\u00f3n de la pandemia y sus efectos en los ingresos de personas y empresas.<\/p>\n<p>En esta l\u00ednea, el IPoM se\u00f1ala que la econom\u00eda ha mejorado tras la fuerte contracci\u00f3n observada en el segundo trimestre; y que las medidas de apoyo a los hogares y al cr\u00e9dito han logrado \u201climitar la amenaza que representaba para el bienestar de la poblaci\u00f3n y la solvencia de las empresas\u201d.<\/p>\n<p>Sin embargo, agrega que la evoluci\u00f3n menos favorable de las restricciones sanitarias, la lenta recuperaci\u00f3n de los rubros m\u00e1s afectados y las huellas que deja la crisis,\u00a0<strong>\u201chan incidido negativamente en el dinamismo de la recuperaci\u00f3n, afectando no solo la demanda agregada, sino tambi\u00e9n la capacidad de respuesta de la oferta\u201d.<\/strong><\/p>\n<h2>Proyecci\u00f3n a la baja<\/h2>\n<p>En consecuencia, la ca\u00edda de la actividad este a\u00f1o ser\u00e1 mayor que lo previsto en septiembre. A\u00f1ade que el reci\u00e9n anunciado\u00a0<strong>retroceso de la regi\u00f3n Metropolitana a la etapa 2 del plan de \u201cpaso a paso\u201d puede retrasar en algo el proceso de recuperaci\u00f3n de la econom\u00eda<\/strong>, \u201cpero tambi\u00e9n puede reducir el riesgo de acciones m\u00e1s dr\u00e1sticas a futuro\u201d.<\/p>\n<p>Con todo, sostiene que la actividad continuar\u00e1 una senda de recuperaci\u00f3n gradual y proyecta que hacia 2022 la econom\u00eda retomar\u00e1 los niveles de septiembre del 2019.<\/p>\n<p>El escenario proyectado considera que la evoluci\u00f3n de la pandemia permitir\u00e1 mantener niveles de movilidad mayores a los de mediados de este a\u00f1o, y que\u00a0<strong>durante 2021 se avanzar\u00e1 en el proceso de vacunaci\u00f3n de la poblaci\u00f3n,<\/strong>\u00a0acorde con lo se\u00f1alado por las autoridades.<\/p>\n<h2>Consumo y nuevo retiro desde las AFP<\/h2>\n<p>Adem\u00e1s, el informe destaca que el\u00a0<strong>retiro de ahorros previsionales tendr\u00e1 un efecto relevante en el consumo<\/strong>\u00a0y las actividades ligadas al comercio el pr\u00f3ximo a\u00f1o. Asimismo, que el est\u00edmulo fiscal seguir\u00e1 siendo positivo, acorde con el presupuesto aprobado; y que la econom\u00eda chilena recibir\u00e1 un impulso externo algo mayor a lo contemplado previamente, con un precio del\u00a0<strong>cobre<\/strong>\u00a0que promediar\u00e1 US$3,15 en ese lapso.<\/p>\n<p>En este contexto, se proyecta que tras una ca\u00edda estimada entre -6,25 y -5,75% este a\u00f1o, la econom\u00eda crecer\u00e1 entre 5,5 y 6,5% en 2021, y entre 3 y 4% en 2022.<\/p>\n<p>Por otra parte, el escenario central considera que, en lo inmediato, \u201cel consumo seguir\u00e1 siendo impulsado por el retiro de los ahorros previsionales,\u00a0<strong>aunque el impacto del segundo retiro se estima menor al primero\u201d.<\/strong><\/p>\n<p>En parte, esto responde a que la ca\u00edda de ingresos provocada por la pandemia ya habr\u00eda sido m\u00e1s que compensada por las medidas previas, y porque los\u00a0<strong>recursos que podr\u00edan retirarse se concentran en los quintiles de ingresos m\u00e1s altos.<\/strong>\u00a0Agrega que, combinando este efecto con los de la recuperaci\u00f3n de los ingresos del trabajo y las transferencias gubernamentales, el consumo privado aumentar\u00e1 en torno a 11% el 2021, despu\u00e9s de retroceder cerca de 7% en el 2020.<\/p>\n<h2>Mercado laboral<\/h2>\n<p>El Informe sostiene que la mayor movilidad y la disparidad sectorial de la recuperaci\u00f3n econ\u00f3mica tambi\u00e9n se ha reflejado en el mercado laboral.<\/p>\n<p>As\u00ed, los \u00faltimos datos muestran que\u00a0<strong>se ha recuperado cerca de un tercio de los puestos de trabajo<\/strong>\u00a0perdidos durante la pandemia. Sin embargo, advierte que el aumento del empleo ha sido m\u00e1s lento en el sector servicios, lo que es relevante por ser m\u00e1s intensivo en mano de obra.<\/p>\n<p>En esta misma l\u00ednea, destaca que\u00a0<strong>este incremento del empleo se ha concentrado en ocupaciones no asalariadas y ha tenido menor impacto en las mujeres.<\/strong>\u00a0De hecho, en el \u00faltimo a\u00f1o, la tasa de participaci\u00f3n femenina ha ca\u00eddo cerca de 9 puntos porcentuales, producto de la dedicaci\u00f3n de una proporci\u00f3n importante de ellas a responsabilidades familiares.<\/p>\n","protected":false},"excerpt":{"rendered":"<p>El Banco Central (BC) public\u00f3 este mi\u00e9rcoles el\u00a0Informe de Pol\u00edtica Monetaria (IPoM)\u00a0de diciembre de 2020, en el que destac\u00f3 que el escenario econ\u00f3mico local e&hellip; <\/p>\n","protected":false},"author":2,"featured_media":33289,"comment_status":"open","ping_status":"closed","sticky":false,"template":"","format":"standard","meta":{"footnotes":""},"categories":[37,38],"tags":[],"class_list":["post-33288","post","type-post","status-publish","format-standard","has-post-thumbnail","hentry","category-nacional","category-portada-regional"],"_links":{"self":[{"href":"https:\/\/www.radioamigavallenar.cl\/index.php?rest_route=\/wp\/v2\/posts\/33288","targetHints":{"allow":["GET"]}}],"collection":[{"href":"https:\/\/www.radioamigavallenar.cl\/index.php?rest_route=\/wp\/v2\/posts"}],"about":[{"href":"https:\/\/www.radioamigavallenar.cl\/index.php?rest_route=\/wp\/v2\/types\/post"}],"author":[{"embeddable":true,"href":"https:\/\/www.radioamigavallenar.cl\/index.php?rest_route=\/wp\/v2\/users\/2"}],"replies":[{"embeddable":true,"href":"https:\/\/www.radioamigavallenar.cl\/index.php?rest_route=%2Fwp%2Fv2%2Fcomments&post=33288"}],"version-history":[{"count":1,"href":"https:\/\/www.radioamigavallenar.cl\/index.php?rest_route=\/wp\/v2\/posts\/33288\/revisions"}],"predecessor-version":[{"id":33290,"href":"https:\/\/www.radioamigavallenar.cl\/index.php?rest_route=\/wp\/v2\/posts\/33288\/revisions\/33290"}],"wp:featuredmedia":[{"embeddable":true,"href":"https:\/\/www.radioamigavallenar.cl\/index.php?rest_route=\/wp\/v2\/media\/33289"}],"wp:attachment":[{"href":"https:\/\/www.radioamigavallenar.cl\/index.php?rest_route=%2Fwp%2Fv2%2Fmedia&parent=33288"}],"wp:term":[{"taxonomy":"category","embeddable":true,"href":"https:\/\/www.radioamigavallenar.cl\/index.php?rest_route=%2Fwp%2Fv2%2Fcategories&post=33288"},{"taxonomy":"post_tag","embeddable":true,"href":"https:\/\/www.radioamigavallenar.cl\/index.php?rest_route=%2Fwp%2Fv2%2Ftags&post=33288"}],"curies":[{"name":"wp","href":"https:\/\/api.w.org\/{rel}","templated":true}]}}