{"id":33285,"date":"2020-12-09T06:00:36","date_gmt":"2020-12-09T09:00:36","guid":{"rendered":"https:\/\/www.radioamigavallenar.cl\/?p=33285"},"modified":"2020-12-09T12:30:11","modified_gmt":"2020-12-09T15:30:11","slug":"atacamagica-se-hace-presente-en-importante-evento-artistico-en-nueva-york","status":"publish","type":"post","link":"https:\/\/www.radioamigavallenar.cl\/?p=33285","title":{"rendered":"Atacamagica se hace presente en importante evento art\u00edstico en Nueva York"},"content":{"rendered":"<p>\u201cTeatro y Pandemia\u201d, es un conversatorio virtual que organiza el dramaturgo, director y cineasta copiapino, Alejandro Moreno, en el Departamento de Escritura Creativa de la Universidad de Nueva York y el Centro King Juan Carlos I. Se trata de una iniciativa apoyada por Fundaci\u00f3n Atacamagica, que contar\u00e1 con la participaci\u00f3n de las actrices nacionales Amparo Noguera, Paulina Urrutia y el director teatral V\u00edctor Carrasco.<\/p>\n<p>Un evento en el que los participantes dialogar\u00e1n sobre el nuevo escenario que enfrentan las Artes Esc\u00e9nicas en tiempos de confinamiento, donde varias expresiones art\u00edsticas han formado parte de la nueva cartelera virtual del teatro. Es as\u00ed como la actriz, Amparo Noguera, contar\u00e1 su experiencia como protagonista de la obra La Voz Humana de Jean Cocteau y Paulina Urrutia, se referir\u00e1 a su trabajo como protagonista de la obra Mentes Salvajes de Maurice Lindeen. Ambas obras fueron dirigidas por V\u00edctor Carrasco y se pudieron seguir v\u00eda streaming a trav\u00e9s de la plataforma Zoom.<\/p>\n<p>Al respecto, Luis Albornoz, director de Fundaci\u00f3n Atacamagica, se\u00f1al\u00f3 que \u201cpara nosotros siempre es un honor colaborar con Alejandro Moreno, un gran embajador de nuestra regi\u00f3n de Atacama. Anteriormente, Atacamagica fue parte de \u2018Voz Mineral\u2019, proyecto realizado por Moreno en el que reflexion\u00f3 entre tecnolog\u00eda y artes esc\u00e9nicas; y ahora el dramaturgo copiapino nos conecta, en un di\u00e1logo con destacados artistas del panorama nacional, en una reflexi\u00f3n sobre las nuevas experiencias teatrales en tiempos de confinamiento \u201d.<\/p>\n<p>Como artista residente de Atacamagica, Moreno expres\u00f3 que \u201cme siento muy contento de poder incluir a la comunidad de Atacama en un evento-conversatorio donde los creadores locales puedan percibir cuales han sido las experiencias teatrales en este nuevo escenario virtual. Adem\u00e1s, es interesante para m\u00ed continuar una relaci\u00f3n de colaboraci\u00f3n intelectual con Fundaci\u00f3n Atacamagica intentando dilucidar ciertos fen\u00f3menos art\u00edsticos y sus contingencias\u201d.<\/p>\n<p>El evento se desarrollar\u00e1 hoy mi\u00e9rcoles 9 de diciembre de 2020 a las 21:00 horas y se podr\u00e1 seguir gratuitamente y para todo espectador v\u00eda streaming <a href=\"http:\/\/facebook.com\/kjccnyu\/live\"><strong>Facebook.com\/kjccnyu\/live<\/strong><\/a>.<\/p>\n","protected":false},"excerpt":{"rendered":"<p>\u201cTeatro y Pandemia\u201d, es un conversatorio virtual que organiza el dramaturgo, director y cineasta copiapino, Alejandro Moreno, en el Departamento de Escritura Creativa de la&hellip; <\/p>\n","protected":false},"author":2,"featured_media":33286,"comment_status":"open","ping_status":"closed","sticky":false,"template":"","format":"standard","meta":{"footnotes":""},"categories":[7],"tags":[],"class_list":["post-33285","post","type-post","status-publish","format-standard","has-post-thumbnail","hentry","category-atacama"],"_links":{"self":[{"href":"https:\/\/www.radioamigavallenar.cl\/index.php?rest_route=\/wp\/v2\/posts\/33285","targetHints":{"allow":["GET"]}}],"collection":[{"href":"https:\/\/www.radioamigavallenar.cl\/index.php?rest_route=\/wp\/v2\/posts"}],"about":[{"href":"https:\/\/www.radioamigavallenar.cl\/index.php?rest_route=\/wp\/v2\/types\/post"}],"author":[{"embeddable":true,"href":"https:\/\/www.radioamigavallenar.cl\/index.php?rest_route=\/wp\/v2\/users\/2"}],"replies":[{"embeddable":true,"href":"https:\/\/www.radioamigavallenar.cl\/index.php?rest_route=%2Fwp%2Fv2%2Fcomments&post=33285"}],"version-history":[{"count":1,"href":"https:\/\/www.radioamigavallenar.cl\/index.php?rest_route=\/wp\/v2\/posts\/33285\/revisions"}],"predecessor-version":[{"id":33287,"href":"https:\/\/www.radioamigavallenar.cl\/index.php?rest_route=\/wp\/v2\/posts\/33285\/revisions\/33287"}],"wp:featuredmedia":[{"embeddable":true,"href":"https:\/\/www.radioamigavallenar.cl\/index.php?rest_route=\/wp\/v2\/media\/33286"}],"wp:attachment":[{"href":"https:\/\/www.radioamigavallenar.cl\/index.php?rest_route=%2Fwp%2Fv2%2Fmedia&parent=33285"}],"wp:term":[{"taxonomy":"category","embeddable":true,"href":"https:\/\/www.radioamigavallenar.cl\/index.php?rest_route=%2Fwp%2Fv2%2Fcategories&post=33285"},{"taxonomy":"post_tag","embeddable":true,"href":"https:\/\/www.radioamigavallenar.cl\/index.php?rest_route=%2Fwp%2Fv2%2Ftags&post=33285"}],"curies":[{"name":"wp","href":"https:\/\/api.w.org\/{rel}","templated":true}]}}