{"id":33244,"date":"2020-12-09T06:00:13","date_gmt":"2020-12-09T09:00:13","guid":{"rendered":"https:\/\/www.radioamigavallenar.cl\/?p=33244"},"modified":"2020-12-09T09:21:18","modified_gmt":"2020-12-09T12:21:18","slug":"nueva-atacama-anuncian-cortes-programados-de-suministro-en-vallenar-y-diego-de-almagro","status":"publish","type":"post","link":"https:\/\/www.radioamigavallenar.cl\/?p=33244","title":{"rendered":"Nueva Atacama: Anuncian cortes programados de suministro en Vallenar y Diego de Almagro"},"content":{"rendered":"<p><strong>Ambas interrupciones se llevar\u00e1n a cabo el pr\u00f3ximo jueves 10 de diciembre por mejoras en la redes de agua potable.<\/strong><span id=\"more-228985\"><\/span><\/p>\n<p>La empresa Sanitaria de la regi\u00f3n de Atacama, contin\u00faa desarrollando una serie de intervenciones para mejorar la distribuci\u00f3n del agua potable en la regi\u00f3n y es por eso que anunci\u00f3 que este jueves 10 de diciembre, se realizar\u00e1n trabajos tanto en Vallenar y en Diego de Almagro.<\/p>\n<p>El primer corte que afectar\u00e1 alrededor de 1.700 clientes de la comuna de Diego de Almagro comenzando a las 15:00 culminando a las 21:00; afectando el per\u00edmetro desde avenida Diego de Almagro a calle Nueva Dos y entre Colip\u00ed y M.J. de Garro.<\/p>\n<p>Mientras que en la capital de la provincia del Huasco, el corte comenzar\u00e1 a las 22:00Hrs y se extender\u00e1 por seis horas, proyectando un retorno de suministro a las 04:00 Am de la madrugada del viernes 11 de diciembre; afectando los sectores de villa Concepci\u00f3n, Pablo Neruda, El Manantial, Ventana y Baquedano Antiguo.<\/p>\n<p>Francisco Celis, jefe zonal de Nueva Atacama, respecto a esos trabajos sostuvo que \u201ctenemos estas dos intervenciones, esto tiene por finalidad mejorar nuestra infraestructura de distribuci\u00f3n de agua potable y que busca mejorar la calidad de distribuci\u00f3n\u201d.<\/p>\n<p>\u201cAnte dudas o consultas los clientes se pueden comunicar al fono 600 520 6000 o a trav\u00e9s de nuestras redes sociales de la compa\u00f1\u00eda tanto en Twitter como Facebook y la p\u00e1gina web Nueva Atacama\u201d puntualiz\u00f3 Celis.<\/p>\n<p>En ambas ciudades, se realizar\u00e1n avisos puerta a puerta para explicar cliente a cliente, las razones del corte y los beneficios asociados a estos.<\/p>\n","protected":false},"excerpt":{"rendered":"<p>Ambas interrupciones se llevar\u00e1n a cabo el pr\u00f3ximo jueves 10 de diciembre por mejoras en la redes de agua potable. La empresa Sanitaria de la&hellip; <\/p>\n","protected":false},"author":2,"featured_media":33245,"comment_status":"open","ping_status":"closed","sticky":false,"template":"","format":"standard","meta":{"footnotes":""},"categories":[7,1],"tags":[],"class_list":["post-33244","post","type-post","status-publish","format-standard","has-post-thumbnail","hentry","category-atacama","category-provincia-del-huasco-2"],"_links":{"self":[{"href":"https:\/\/www.radioamigavallenar.cl\/index.php?rest_route=\/wp\/v2\/posts\/33244","targetHints":{"allow":["GET"]}}],"collection":[{"href":"https:\/\/www.radioamigavallenar.cl\/index.php?rest_route=\/wp\/v2\/posts"}],"about":[{"href":"https:\/\/www.radioamigavallenar.cl\/index.php?rest_route=\/wp\/v2\/types\/post"}],"author":[{"embeddable":true,"href":"https:\/\/www.radioamigavallenar.cl\/index.php?rest_route=\/wp\/v2\/users\/2"}],"replies":[{"embeddable":true,"href":"https:\/\/www.radioamigavallenar.cl\/index.php?rest_route=%2Fwp%2Fv2%2Fcomments&post=33244"}],"version-history":[{"count":2,"href":"https:\/\/www.radioamigavallenar.cl\/index.php?rest_route=\/wp\/v2\/posts\/33244\/revisions"}],"predecessor-version":[{"id":33262,"href":"https:\/\/www.radioamigavallenar.cl\/index.php?rest_route=\/wp\/v2\/posts\/33244\/revisions\/33262"}],"wp:featuredmedia":[{"embeddable":true,"href":"https:\/\/www.radioamigavallenar.cl\/index.php?rest_route=\/wp\/v2\/media\/33245"}],"wp:attachment":[{"href":"https:\/\/www.radioamigavallenar.cl\/index.php?rest_route=%2Fwp%2Fv2%2Fmedia&parent=33244"}],"wp:term":[{"taxonomy":"category","embeddable":true,"href":"https:\/\/www.radioamigavallenar.cl\/index.php?rest_route=%2Fwp%2Fv2%2Fcategories&post=33244"},{"taxonomy":"post_tag","embeddable":true,"href":"https:\/\/www.radioamigavallenar.cl\/index.php?rest_route=%2Fwp%2Fv2%2Ftags&post=33244"}],"curies":[{"name":"wp","href":"https:\/\/api.w.org\/{rel}","templated":true}]}}