{"id":33236,"date":"2020-12-08T10:42:25","date_gmt":"2020-12-08T13:42:25","guid":{"rendered":"https:\/\/www.radioamigavallenar.cl\/?p=33236"},"modified":"2020-12-08T10:42:25","modified_gmt":"2020-12-08T13:42:25","slug":"vocera-maria-francisca-plaza-valora-meta-de-iniciar-proceso-de-vacunacion-en-primer-trimestre-de-2021","status":"publish","type":"post","link":"https:\/\/www.radioamigavallenar.cl\/?p=33236","title":{"rendered":"Vocera Mar\u00eda Francisca Plaza valora meta de iniciar proceso de vacunaci\u00f3n en primer trimestre de 2021"},"content":{"rendered":"<p style=\"font-weight: 400;\"><span style=\"font-style: inherit; font-weight: inherit;\">Tras la reuni\u00f3n del Presidente Sebasti\u00e1n Pi\u00f1era junto a los Ministros de Salud, Enrique Paris, y de Ciencia, Andr\u00e9s Couve, para abordar el Plan Nacional de Vacunaci\u00f3n contra el Covid-19, la vocera regional de Gobierno y abogada, Mar\u00eda Francisca Plaza Velis, valor\u00f3 el anunci\u00f3 del Ejecutivo referente a la meta de iniciar el proceso de vacunaci\u00f3n contra el Covid-19 durante el primer trimestre del pr\u00f3ximo a\u00f1o.<\/span><\/p>\n<p style=\"font-weight: 400;\"><span style=\"font-style: inherit; font-weight: inherit;\">Plaza Velis sostuvo que \u201cnuestro Presidente Sebasti\u00e1n Pi\u00f1era repas\u00f3 el estado de avance de las conversaciones y principales acuerdos alcanzados por el Gobierno con los laboratorios m\u00e1s prestigiosos del mundo, como por ejemplo, Pfizer, Sinovac, Johnson &amp; Johnson, AstraZeneca y otros\u201d.\u00a0<\/span><\/p>\n<p style=\"font-weight: 400;\"><span style=\"font-style: inherit; font-weight: inherit;\">En este marco la Seremi de Gobierno agreg\u00f3 que \u201cnuestro Presidente Sebasti\u00e1n Pi\u00f1era afirm\u00f3 que desde hace meses somos parte de Covax, una iniciativa multilateral con el liderazgo de la Organizaci\u00f3n Mundial de la Salud, la participaci\u00f3n de la Uni\u00f3n Europea y cuyo objetivo es facilitar a los pa\u00edses miembros una vacuna segura y eficaz. Nuestro enfoque est\u00e1 centrado en poder contar con una variedad de opciones de vacunas y de tecnolog\u00edas\u201d.<\/span><\/p>\n<p style=\"font-weight: 400;\"><span style=\"font-style: inherit; font-weight: inherit;\">El Plan Nacional de Vacunas contra el Covid-19 pretende asegurar la disponibilidad de la vacuna para 15,2 millones de personas. La primera etapa del proceso de vacunaci\u00f3n comenzar\u00e1 con los trabajadores de la Salud, los trabajadores del Transporte y las Fuerzas Armadas y de Orden.<\/span><\/p>\n<p style=\"font-weight: 400;\"><span style=\"font-style: inherit; font-weight: inherit;\">\u00a0<\/span><span style=\"font-style: inherit; font-weight: inherit;\">\u201cNuestro Gobierno efectivamente se ha propuesto como meta iniciar el proceso de vacunaci\u00f3n durante el primer trimestre del pr\u00f3ximo a\u00f1o y es importante destacar que las vacunas van a ser voluntarias y gratuitas, y van a considerar las aprobaciones sanitarias por parte de organismos como la Food and Drugs Administration de Estados Unidos, la Agencia Europea de Medicamentos de Europa y requerir\u00e1n siempre la aprobaci\u00f3n del Instituto de Salud P\u00fablica de Chile\u201d, argument\u00f3 Mar\u00eda Francisca Plaza.<\/span><\/p>\n<p style=\"font-weight: 400;\"><span style=\"font-style: inherit; font-weight: inherit;\">La vocera regional aprovech\u00f3 de hacer un llamado a la comunidad atacame\u00f1a para continuar con el autocuidado y a la responsabilidad.<\/span><\/p>\n<p style=\"font-weight: 400;\"><span style=\"font-style: inherit; font-weight: inherit;\">\u201cAtacame\u00f1os y atacame\u00f1as de nuestra responsabilidad depende detener la propagaci\u00f3n del Covid-19 en nuestra regi\u00f3n y as\u00ed avanzar en el Plan Paso a Paso. Recuerda siempre las medidas sanitarias que son usar siempre tu mascarilla, lavar constantemente tus manos y mantener la distancia f\u00edsica\u201d, explic\u00f3 la Seremi de Gobierno.<\/span><\/p>\n<p style=\"font-weight: 400;\"><span style=\"font-style: inherit; font-weight: inherit;\">De igual forma, el Gobierno afirm\u00f3 que ya se han preparado planes especiales para aumentar los programas de Testeo, Trazabilidad y Aislamiento para enfrentar las fiestas de navidad y a\u00f1o nuevo.<\/span><\/p>\n","protected":false},"excerpt":{"rendered":"<p>Tras la reuni\u00f3n del Presidente Sebasti\u00e1n Pi\u00f1era junto a los Ministros de Salud, Enrique Paris, y de Ciencia, Andr\u00e9s Couve, para abordar el Plan Nacional&hellip; <\/p>\n","protected":false},"author":2,"featured_media":0,"comment_status":"open","ping_status":"closed","sticky":false,"template":"","format":"standard","meta":{"footnotes":""},"categories":[38],"tags":[],"class_list":["post-33236","post","type-post","status-publish","format-standard","hentry","category-portada-regional"],"_links":{"self":[{"href":"https:\/\/www.radioamigavallenar.cl\/index.php?rest_route=\/wp\/v2\/posts\/33236","targetHints":{"allow":["GET"]}}],"collection":[{"href":"https:\/\/www.radioamigavallenar.cl\/index.php?rest_route=\/wp\/v2\/posts"}],"about":[{"href":"https:\/\/www.radioamigavallenar.cl\/index.php?rest_route=\/wp\/v2\/types\/post"}],"author":[{"embeddable":true,"href":"https:\/\/www.radioamigavallenar.cl\/index.php?rest_route=\/wp\/v2\/users\/2"}],"replies":[{"embeddable":true,"href":"https:\/\/www.radioamigavallenar.cl\/index.php?rest_route=%2Fwp%2Fv2%2Fcomments&post=33236"}],"version-history":[{"count":1,"href":"https:\/\/www.radioamigavallenar.cl\/index.php?rest_route=\/wp\/v2\/posts\/33236\/revisions"}],"predecessor-version":[{"id":33237,"href":"https:\/\/www.radioamigavallenar.cl\/index.php?rest_route=\/wp\/v2\/posts\/33236\/revisions\/33237"}],"wp:attachment":[{"href":"https:\/\/www.radioamigavallenar.cl\/index.php?rest_route=%2Fwp%2Fv2%2Fmedia&parent=33236"}],"wp:term":[{"taxonomy":"category","embeddable":true,"href":"https:\/\/www.radioamigavallenar.cl\/index.php?rest_route=%2Fwp%2Fv2%2Fcategories&post=33236"},{"taxonomy":"post_tag","embeddable":true,"href":"https:\/\/www.radioamigavallenar.cl\/index.php?rest_route=%2Fwp%2Fv2%2Ftags&post=33236"}],"curies":[{"name":"wp","href":"https:\/\/api.w.org\/{rel}","templated":true}]}}