{"id":33233,"date":"2020-12-08T10:41:26","date_gmt":"2020-12-08T13:41:26","guid":{"rendered":"https:\/\/www.radioamigavallenar.cl\/?p=33233"},"modified":"2020-12-08T10:41:26","modified_gmt":"2020-12-08T13:41:26","slug":"partido-socialista-de-atacama-no-apoyara-a-marcos-lopez-rivera-candidato-a-alcalde-que-apoyan-es-hugo-bugueno","status":"publish","type":"post","link":"https:\/\/www.radioamigavallenar.cl\/?p=33233","title":{"rendered":"Partido Socialista de Atacama no apoyar\u00e1 a Marcos L\u00f3pez Rivera, candidato a Alcalde que apoyan es Hugo Bugue\u00f1o"},"content":{"rendered":"<p style=\"font-weight: 400;\"><span style=\"font-style: inherit; font-weight: inherit;\">1.- La Secretaria General del Partido Socialista de Atacama, escuchando y respondiendo al llamado de la ciudadan\u00eda de Copiap\u00f3, apoya al destacado dirigente social Hugo Bugue\u00f1o Rojas como pre-candidato a alcalde de Copiap\u00f3. Nuestra Secretaria General llama a su militancia a apoyar con convicci\u00f3n y energ\u00eda a Hugo Bugue\u00f1o Rojas, compa\u00f1ero dirigente social de base que cuenta con el conocimiento, experiencia y capacidad para liderar el destino de Copiap\u00f3.<\/span><\/p>\n<p style=\"font-weight: 400;\"><span style=\"font-style: inherit; font-weight: inherit;\">2.- El Partido Socialista de Atacama, reconoce que en Copiap\u00f3 existen dos problemas hist\u00f3ricos que las administraciones anteriores no han resuelto: el olvido de los sectores m\u00e1s pobres y la incapacidad de priorizar las necesidades de la comuna a trav\u00e9s de sus distintos departamentos, sin antes responder al pago de empleos, muchas veces, con personas que no son id\u00f3neas para resolver las necesidades.\u00a0<\/span><\/p>\n<p style=\"font-weight: 400;\"><span style=\"font-style: inherit; font-weight: inherit;\">3.- El pre-candidato Hugo Bugue\u00f1o Rojas ha comprometido el desaf\u00edo de trabajar priorizando los sectores m\u00e1s modestos de Copiap\u00f3 y dirigir el municipio con un equipo de los mejores t\u00e9cnicos y t\u00e9cnicas, sin pagar favores pol\u00edticos y elevando en nivel de respuesta a la ciudadan\u00eda.<\/span><\/p>\n<p style=\"font-weight: 400;\"><span style=\"font-style: inherit; font-weight: inherit;\">4.- El se\u00f1or Marcos L\u00f3pez Rivera, es candidato del PRO y Marco Enr\u00edquez-Ominami, acusado por la Fiscal Jefe Ximena Chong, de la Fiscal\u00eda de Alta Complejidad Metropolitana Centro Norte, por delitos tributarios y fraude al fisco. Nuestro Estatuto y compromiso con la ciudadan\u00eda, nos impiden la vinculaci\u00f3n en cualquier \u00e1mbito.<\/span><\/p>\n<p style=\"font-weight: 400;\"><span style=\"font-style: inherit; font-weight: inherit;\">5.- El Partido Socialista de Atacama hace un llamado a su militancia a no responder a Marcos L\u00f3pez Rivera, quien ha traicionado una y otra vez los acuerdos con nuestro partido. Esta vez, ha traicionado a nuestra compa\u00f1era, representante y servidora p\u00fablica Ruth Vega Donoso en su candidatura a Gobernadora Regional.\u00a0<\/span><\/p>\n<p style=\"font-weight: 400;\"><span style=\"font-style: inherit; font-weight: inherit;\">5.- Partido Comunista y Marcos L\u00f3pez deben resolver sus problemas sin intervenir las acciones y decisiones del Partido Socialista y Unidad Constituyente. Nuestro partido tiene la historia, trayectoria, autonom\u00eda y militantes con la capacidad de definir sus propias acciones.<\/span><\/p>\n<p style=\"font-weight: 400;\"><span style=\"font-style: inherit; font-weight: inherit;\">6.-\u00a0 Nuestra decisi\u00f3n de apoyar la pre-candidatura a Alcalde de Copiap\u00f3 a Hugo Bugue\u00f1o Rojas no responde a un pacto futuro de nepotismo, sino a dar respuesta al llamado ciudadano presente en cada reuni\u00f3n comunitaria, olla com\u00fan y junta vecinal en las que hemos estado trabajando a trav\u00e9s de nuestros y nuestras militantes.<\/span><\/p>\n","protected":false},"excerpt":{"rendered":"<p>1.- La Secretaria General del Partido Socialista de Atacama, escuchando y respondiendo al llamado de la ciudadan\u00eda de Copiap\u00f3, apoya al destacado dirigente social Hugo&hellip; <\/p>\n","protected":false},"author":2,"featured_media":33234,"comment_status":"open","ping_status":"closed","sticky":false,"template":"","format":"standard","meta":{"footnotes":""},"categories":[38],"tags":[],"class_list":["post-33233","post","type-post","status-publish","format-standard","has-post-thumbnail","hentry","category-portada-regional"],"_links":{"self":[{"href":"https:\/\/www.radioamigavallenar.cl\/index.php?rest_route=\/wp\/v2\/posts\/33233","targetHints":{"allow":["GET"]}}],"collection":[{"href":"https:\/\/www.radioamigavallenar.cl\/index.php?rest_route=\/wp\/v2\/posts"}],"about":[{"href":"https:\/\/www.radioamigavallenar.cl\/index.php?rest_route=\/wp\/v2\/types\/post"}],"author":[{"embeddable":true,"href":"https:\/\/www.radioamigavallenar.cl\/index.php?rest_route=\/wp\/v2\/users\/2"}],"replies":[{"embeddable":true,"href":"https:\/\/www.radioamigavallenar.cl\/index.php?rest_route=%2Fwp%2Fv2%2Fcomments&post=33233"}],"version-history":[{"count":1,"href":"https:\/\/www.radioamigavallenar.cl\/index.php?rest_route=\/wp\/v2\/posts\/33233\/revisions"}],"predecessor-version":[{"id":33235,"href":"https:\/\/www.radioamigavallenar.cl\/index.php?rest_route=\/wp\/v2\/posts\/33233\/revisions\/33235"}],"wp:featuredmedia":[{"embeddable":true,"href":"https:\/\/www.radioamigavallenar.cl\/index.php?rest_route=\/wp\/v2\/media\/33234"}],"wp:attachment":[{"href":"https:\/\/www.radioamigavallenar.cl\/index.php?rest_route=%2Fwp%2Fv2%2Fmedia&parent=33233"}],"wp:term":[{"taxonomy":"category","embeddable":true,"href":"https:\/\/www.radioamigavallenar.cl\/index.php?rest_route=%2Fwp%2Fv2%2Fcategories&post=33233"},{"taxonomy":"post_tag","embeddable":true,"href":"https:\/\/www.radioamigavallenar.cl\/index.php?rest_route=%2Fwp%2Fv2%2Ftags&post=33233"}],"curies":[{"name":"wp","href":"https:\/\/api.w.org\/{rel}","templated":true}]}}