{"id":33230,"date":"2020-12-08T10:40:02","date_gmt":"2020-12-08T13:40:02","guid":{"rendered":"https:\/\/www.radioamigavallenar.cl\/?p=33230"},"modified":"2020-12-08T10:40:02","modified_gmt":"2020-12-08T13:40:02","slug":"continua-la-busqueda-de-joven-desaparecida-en-copiapo","status":"publish","type":"post","link":"https:\/\/www.radioamigavallenar.cl\/?p=33230","title":{"rendered":"Contin\u00faa la b\u00fasqueda de joven desaparecida en Copiap\u00f3"},"content":{"rendered":"<p>Detectives de la Brigada de Homicidios junto a la Fiscal\u00eda de Atacama, comenzaron esta ma\u00f1ana nuevas diligencias investigativas en relaci\u00f3n a la desaparici\u00f3n de Thiare Elgueda, la joven de 19 a\u00f1os que fue vista por \u00faltima vez en el sector de San Pedro.<\/p>\n<p>A las 08:00 horas de esta ma\u00f1ana detectives comenzaron una nueva jornada de rastreo en las cercan\u00edas de Copiap\u00f3, esta vez ejemplares caninos guiaron el trabajo investigativo que se extendi\u00f3 hasta las 15 horas y que se realizar\u00e1 durante toda la semana \u201cla meta es poder cubrir 20 kil\u00f3metros cuadrados al t\u00e9rmino de la semana, efectuando un rastreo acucioso. El d\u00eda de hoy se levantaron evidencias que podr\u00edan tener relaci\u00f3n con la b\u00fasqueda, pero que deber\u00e1n ser periciadas por detectives del Laboratorio de Criminal\u00edstica para establecer o descartar que tengan alguna conexi\u00f3n con la investigaci\u00f3n que se est\u00e1 desarrollando\u201d, se\u00f1al\u00f3 el inspector Fernando Badilla, de la Brigada de Homicidios.<\/p>\n<p>Desde la Polic\u00eda de Investigaciones hicieron un llamado a la comunidad para que cualquier antecedente que sea relevante y que pueda ser un aporte a las indagatorias, que concurran a la PDI a informarlos.<\/p>\n","protected":false},"excerpt":{"rendered":"<p>Detectives de la Brigada de Homicidios junto a la Fiscal\u00eda de Atacama, comenzaron esta ma\u00f1ana nuevas diligencias investigativas en relaci\u00f3n a la desaparici\u00f3n de Thiare&hellip; <\/p>\n","protected":false},"author":2,"featured_media":33231,"comment_status":"open","ping_status":"closed","sticky":false,"template":"","format":"standard","meta":{"footnotes":""},"categories":[6,38],"tags":[],"class_list":["post-33230","post","type-post","status-publish","format-standard","has-post-thumbnail","hentry","category-policial","category-portada-regional"],"_links":{"self":[{"href":"https:\/\/www.radioamigavallenar.cl\/index.php?rest_route=\/wp\/v2\/posts\/33230","targetHints":{"allow":["GET"]}}],"collection":[{"href":"https:\/\/www.radioamigavallenar.cl\/index.php?rest_route=\/wp\/v2\/posts"}],"about":[{"href":"https:\/\/www.radioamigavallenar.cl\/index.php?rest_route=\/wp\/v2\/types\/post"}],"author":[{"embeddable":true,"href":"https:\/\/www.radioamigavallenar.cl\/index.php?rest_route=\/wp\/v2\/users\/2"}],"replies":[{"embeddable":true,"href":"https:\/\/www.radioamigavallenar.cl\/index.php?rest_route=%2Fwp%2Fv2%2Fcomments&post=33230"}],"version-history":[{"count":1,"href":"https:\/\/www.radioamigavallenar.cl\/index.php?rest_route=\/wp\/v2\/posts\/33230\/revisions"}],"predecessor-version":[{"id":33232,"href":"https:\/\/www.radioamigavallenar.cl\/index.php?rest_route=\/wp\/v2\/posts\/33230\/revisions\/33232"}],"wp:featuredmedia":[{"embeddable":true,"href":"https:\/\/www.radioamigavallenar.cl\/index.php?rest_route=\/wp\/v2\/media\/33231"}],"wp:attachment":[{"href":"https:\/\/www.radioamigavallenar.cl\/index.php?rest_route=%2Fwp%2Fv2%2Fmedia&parent=33230"}],"wp:term":[{"taxonomy":"category","embeddable":true,"href":"https:\/\/www.radioamigavallenar.cl\/index.php?rest_route=%2Fwp%2Fv2%2Fcategories&post=33230"},{"taxonomy":"post_tag","embeddable":true,"href":"https:\/\/www.radioamigavallenar.cl\/index.php?rest_route=%2Fwp%2Fv2%2Ftags&post=33230"}],"curies":[{"name":"wp","href":"https:\/\/api.w.org\/{rel}","templated":true}]}}