{"id":33189,"date":"2020-12-07T09:44:41","date_gmt":"2020-12-07T12:44:41","guid":{"rendered":"https:\/\/www.radioamigavallenar.cl\/?p=33189"},"modified":"2020-12-07T12:46:08","modified_gmt":"2020-12-07T15:46:08","slug":"80-por-ciento-de-avance-presentan-los-trabajos-de-conservacion-de-la-quebrada-de-paipote-etapa-ii","status":"publish","type":"post","link":"https:\/\/www.radioamigavallenar.cl\/?p=33189","title":{"rendered":"80 por ciento de avance presentan los trabajos de Conservaci\u00f3n de la Quebrada de Paipote Etapa II"},"content":{"rendered":"<p><strong>Gran avance presentan las obras de mitigaci\u00f3n ejecutadas por el Ministerio de Obras P\u00fablicas a trav\u00e9s de su Direcci\u00f3n de Obras Hidr\u00e1ulicas en la Quebrada de Paipote.<\/strong><span id=\"more-228868\"><\/span><\/p>\n<p>El Ministerio de Obras P\u00fablicas a trav\u00e9s la Direcci\u00f3n de Obras Hidr\u00e1ulicas (DOH) ha impulsado una serie de iniciativas de control aluvional en toda la Regi\u00f3n de Atacama, esto, como consecuencias de las catastr\u00f3ficas inundaciones originadas el a\u00f1o 2015 y 2017, que dieron pie al Plan de Reconstrucci\u00f3n de Atacama.<\/p>\n<p>La inversi\u00f3n durante el a\u00f1o 2019 en la Quebrada Paipote alcanz\u00f3 los $1.065 millones de pesos y consisti\u00f3 en un avance en la canalizaci\u00f3n de cauce, construy\u00e9ndose en esta etapa 450 metros lineales de la secci\u00f3n proyectada y revestida en la ribera izquierda con enrocado consolidado (ribera altamente poblada y urbanizada).<\/p>\n<p>Con el objetivo de inspeccionar el avance de la II Etapa de estas obras, el\u00a0<strong>Seremi del MOP, Alfredo Campbell<\/strong>\u00a0lleg\u00f3 hasta el sector de la Quebrada de Paipote donde se\u00f1al\u00f3, \u201cestamos visitando el Proyecto de la Conservaci\u00f3n de la Quebrada de Paipote Etapa II, importante obra que se encuentra ejecutando el Ministerio de Obras P\u00fablicas a trav\u00e9s de su Direcci\u00f3n de Obras Hidr\u00e1ulicas, que se encuentra enmarcado en el Programa de Obras Fluviales, dada las contingencias que se originaron en los a\u00f1os 2015 y 2017. La obra alcanza una inversi\u00f3n aproximada a los $1.300 millones de pesos aproximadamente. En la etapa actual, se proyecta la continuaci\u00f3n de la canalizaci\u00f3n trapecial de 25 metros de ancho basal, 3 metros de altura y taludes \u00bc (v\/h), con defensas fluviales del tipo enrocado consolidado en la ribera izquierda. Este a\u00f1o se contempla un avance de 550 metros lineales de dicha canalizaci\u00f3n (en el km 17+050 inmediatamente aguas arriba de la Etapa\u00a0 I, 2020, llegando hasta el km 16+500)\u201d.<\/p>\n<p><strong>Campbell<\/strong>\u00a0agreg\u00f3,\u00a0<em>\u201c<\/em><strong>el objetivo de todas estas obras, es el de proteger a la ciudadan\u00eda y evitar desastres en casos de presentarse otro acontecimiento similar a los a\u00f1os anteriores. Para nuestro gobierno es muy importante la vida de las personas, darles tranquilidad y seguridad en el sector que ellos est\u00e1n viviendo<\/strong><em>\u201d.<\/em><\/p>\n<p>Por su parte\u00a0<strong>Alex Castillo, Profesional Residente<\/strong>\u00a0de la obra inform\u00f3,\u00a0\u201cl<strong>a etapa II de este proyecto consiste en un mejoramiento de la Quebrada de Paipote donde se realiz\u00f3 un gran movimiento de tierra construyendo un encauce central de 25 cm de base con enrocados de protecci\u00f3n hacia el lado izquierdo (600 mts aprox) y movimiento de tierra hacia el lado derecho, la idea de estos trabajos es mejorar el encauce de futuros y potenciales aluviones similares a los vividos durante el a\u00f1o 2015 y con ello proteger a la poblaci\u00f3n del sector<\/strong>\u201d.<\/p>\n","protected":false},"excerpt":{"rendered":"<p>Gran avance presentan las obras de mitigaci\u00f3n ejecutadas por el Ministerio de Obras P\u00fablicas a trav\u00e9s de su Direcci\u00f3n de Obras Hidr\u00e1ulicas en la Quebrada&hellip; <\/p>\n","protected":false},"author":2,"featured_media":33190,"comment_status":"open","ping_status":"closed","sticky":false,"template":"","format":"standard","meta":{"footnotes":""},"categories":[38],"tags":[],"class_list":["post-33189","post","type-post","status-publish","format-standard","has-post-thumbnail","hentry","category-portada-regional"],"_links":{"self":[{"href":"https:\/\/www.radioamigavallenar.cl\/index.php?rest_route=\/wp\/v2\/posts\/33189","targetHints":{"allow":["GET"]}}],"collection":[{"href":"https:\/\/www.radioamigavallenar.cl\/index.php?rest_route=\/wp\/v2\/posts"}],"about":[{"href":"https:\/\/www.radioamigavallenar.cl\/index.php?rest_route=\/wp\/v2\/types\/post"}],"author":[{"embeddable":true,"href":"https:\/\/www.radioamigavallenar.cl\/index.php?rest_route=\/wp\/v2\/users\/2"}],"replies":[{"embeddable":true,"href":"https:\/\/www.radioamigavallenar.cl\/index.php?rest_route=%2Fwp%2Fv2%2Fcomments&post=33189"}],"version-history":[{"count":1,"href":"https:\/\/www.radioamigavallenar.cl\/index.php?rest_route=\/wp\/v2\/posts\/33189\/revisions"}],"predecessor-version":[{"id":33191,"href":"https:\/\/www.radioamigavallenar.cl\/index.php?rest_route=\/wp\/v2\/posts\/33189\/revisions\/33191"}],"wp:featuredmedia":[{"embeddable":true,"href":"https:\/\/www.radioamigavallenar.cl\/index.php?rest_route=\/wp\/v2\/media\/33190"}],"wp:attachment":[{"href":"https:\/\/www.radioamigavallenar.cl\/index.php?rest_route=%2Fwp%2Fv2%2Fmedia&parent=33189"}],"wp:term":[{"taxonomy":"category","embeddable":true,"href":"https:\/\/www.radioamigavallenar.cl\/index.php?rest_route=%2Fwp%2Fv2%2Fcategories&post=33189"},{"taxonomy":"post_tag","embeddable":true,"href":"https:\/\/www.radioamigavallenar.cl\/index.php?rest_route=%2Fwp%2Fv2%2Ftags&post=33189"}],"curies":[{"name":"wp","href":"https:\/\/api.w.org\/{rel}","templated":true}]}}