{"id":33175,"date":"2020-12-07T06:00:37","date_gmt":"2020-12-07T09:00:37","guid":{"rendered":"https:\/\/www.radioamigavallenar.cl\/?p=33175"},"modified":"2020-12-07T10:39:28","modified_gmt":"2020-12-07T13:39:28","slug":"chile-registra-tasa-de-natalidad-mas-baja-en-70-anos-fenomenos-sociales-serian-la-principal-razon","status":"publish","type":"post","link":"https:\/\/www.radioamigavallenar.cl\/?p=33175","title":{"rendered":"Chile registra tasa de natalidad m\u00e1s baja en 70 a\u00f1os: fen\u00f3menos sociales ser\u00edan la principal raz\u00f3n"},"content":{"rendered":"<p><strong>\u00abUn efecto sanitario propiamente tal es muy dif\u00edcil atribuirlo a estos datos\u00bb, explic\u00f3 el ginec\u00f3logo obstetra Alfredo Germain, asegurando que el componente m\u00e1s \u00abrelevante tiene que ver con los fen\u00f3menos sociales que han ocurrido durante el \u00faltimo a\u00f1o en nuestro pa\u00eds\u201d.<\/strong><span id=\"more-228824\"><\/span><\/p>\n<p>&nbsp;<\/p>\n<p>De acuerdo a las cifras proporcionadas por el\u00a0<strong>Departamento de Estad\u00edsticas e Informaci\u00f3n de Salud (DEIS)<\/strong>, Chile podr\u00eda registrar su<strong>\u00a0cifra de natalidad m\u00e1s baja desde 1950.\u00a0<\/strong>As\u00ed, hasta el 2 de diciembre, se han contabilizado cerca de 176 mil nacimientos, n\u00famero que a la misma fecha del a\u00f1o 2018, lleg\u00f3 a los 203 mil.<\/p>\n<p>El\u00a0<strong>doctor Alfredo Germain, ginec\u00f3logo obstetra de Cl\u00ednica Las Condes,<\/strong>\u00a0explic\u00f3 que todos los fen\u00f3menos sanitarios influyen en la ca\u00edda de los nacimientos de un pa\u00eds, sin embargo,<strong>\u00a0<\/strong>en el caso de Chile \u201c<strong>el componente m\u00e1s relevante tiene que ver con los fen\u00f3menos sociales que han ocurrido durante el \u00faltimo a\u00f1o en nuestro pa\u00eds\u201d.<\/strong><\/p>\n<p>\u00abUn efecto sanitario propiamente tal es muy dif\u00edcil atribuirlo a estos datos\u00bb, precis\u00f3.<\/p>\n<p>En ese mismo punto, agreg\u00f3 que \u00abhace muchos a\u00f1os que distintos pa\u00edses, sobre todo aquellos que est\u00e1n en v\u00edas de desarrollo, han tenido una disminuci\u00f3n en sus tasas de natalidad (\u2026)\u00a0<strong>Sin ir m\u00e1s lejos, Chile a fines de los a\u00f1os 50 ten\u00eda una fecundidad de 5,5 hijos por cada mujer en edad f\u00e9rtil. En los datos de 2018 es de 1,6<\/strong>\u00ab.<\/p>\n<p>Por \u00faltimo, enfatiz\u00f3 que para que la poblaci\u00f3n se mantenga en equilibrio se necesita una tasa de natalidad de 2,1.<\/p>\n<h2 style=\"text-align: center;\"><strong>Embarazo y coronavirus<\/strong><\/h2>\n<p>Respecto del posible temor que podr\u00eda generar el contagio por coronavirus en embarazadas, Germain sostiene que \u00absabemos que la enfermedad en el \u00faltimo trimestre del embarazado es intensa, pero adem\u00e1s<strong>\u00a0sabemos que la chance de que una mujer en el \u00faltimo trimestre tenga una evoluci\u00f3n m\u00e1s adversa es m\u00e1s frecuente en embarazadas que aquellas que no est\u00e1n en gestaci\u00f3n, en el mismo grupo etario\u00bb.<\/strong><\/p>\n<p>A pesar de aquello, \u00abno hay m\u00e1s tasas de abortos, de muerte fetal\u00bb, sentenci\u00f3.<\/p>\n","protected":false},"excerpt":{"rendered":"<p>\u00abUn efecto sanitario propiamente tal es muy dif\u00edcil atribuirlo a estos datos\u00bb, explic\u00f3 el ginec\u00f3logo obstetra Alfredo Germain, asegurando que el componente m\u00e1s \u00abrelevante tiene&hellip; <\/p>\n","protected":false},"author":2,"featured_media":33176,"comment_status":"open","ping_status":"closed","sticky":false,"template":"","format":"standard","meta":{"footnotes":""},"categories":[37],"tags":[],"class_list":["post-33175","post","type-post","status-publish","format-standard","has-post-thumbnail","hentry","category-nacional"],"_links":{"self":[{"href":"https:\/\/www.radioamigavallenar.cl\/index.php?rest_route=\/wp\/v2\/posts\/33175","targetHints":{"allow":["GET"]}}],"collection":[{"href":"https:\/\/www.radioamigavallenar.cl\/index.php?rest_route=\/wp\/v2\/posts"}],"about":[{"href":"https:\/\/www.radioamigavallenar.cl\/index.php?rest_route=\/wp\/v2\/types\/post"}],"author":[{"embeddable":true,"href":"https:\/\/www.radioamigavallenar.cl\/index.php?rest_route=\/wp\/v2\/users\/2"}],"replies":[{"embeddable":true,"href":"https:\/\/www.radioamigavallenar.cl\/index.php?rest_route=%2Fwp%2Fv2%2Fcomments&post=33175"}],"version-history":[{"count":1,"href":"https:\/\/www.radioamigavallenar.cl\/index.php?rest_route=\/wp\/v2\/posts\/33175\/revisions"}],"predecessor-version":[{"id":33177,"href":"https:\/\/www.radioamigavallenar.cl\/index.php?rest_route=\/wp\/v2\/posts\/33175\/revisions\/33177"}],"wp:featuredmedia":[{"embeddable":true,"href":"https:\/\/www.radioamigavallenar.cl\/index.php?rest_route=\/wp\/v2\/media\/33176"}],"wp:attachment":[{"href":"https:\/\/www.radioamigavallenar.cl\/index.php?rest_route=%2Fwp%2Fv2%2Fmedia&parent=33175"}],"wp:term":[{"taxonomy":"category","embeddable":true,"href":"https:\/\/www.radioamigavallenar.cl\/index.php?rest_route=%2Fwp%2Fv2%2Fcategories&post=33175"},{"taxonomy":"post_tag","embeddable":true,"href":"https:\/\/www.radioamigavallenar.cl\/index.php?rest_route=%2Fwp%2Fv2%2Ftags&post=33175"}],"curies":[{"name":"wp","href":"https:\/\/api.w.org\/{rel}","templated":true}]}}