{"id":3317,"date":"2016-12-23T11:33:41","date_gmt":"2016-12-23T14:33:41","guid":{"rendered":"http:\/\/www.radioamigavallenar.cl\/?p=3317"},"modified":"2016-12-23T11:33:41","modified_gmt":"2016-12-23T14:33:41","slug":"carabineros-de-vallenar-y-municipio-repartieron-sonrisas-a-ninos-con-capacidades-diferentes","status":"publish","type":"post","link":"https:\/\/www.radioamigavallenar.cl\/?p=3317","title":{"rendered":"Carabineros de Vallenar y municipio repartieron sonrisas a ni\u00f1os con capacidades diferentes"},"content":{"rendered":"<p style=\"text-align: justify;\"><a href=\"http:\/\/www.radioamigavallenar.cl\/wp-content\/uploads\/2016\/12\/Unidos-por-una-Sonrisa.jpg\"><img loading=\"lazy\" decoding=\"async\" class=\" size-medium wp-image-3318 aligncenter\" src=\"http:\/\/www.radioamigavallenar.cl\/wp-content\/uploads\/2016\/12\/Unidos-por-una-Sonrisa-300x225.jpg\" alt=\"unidos-por-una-sonrisa\" width=\"300\" height=\"225\" srcset=\"https:\/\/www.radioamigavallenar.cl\/wp-content\/uploads\/2016\/12\/Unidos-por-una-Sonrisa-300x225.jpg 300w, https:\/\/www.radioamigavallenar.cl\/wp-content\/uploads\/2016\/12\/Unidos-por-una-Sonrisa.jpg 700w\" sizes=\"auto, (max-width: 300px) 100vw, 300px\" \/><\/a><\/p>\n<p style=\"text-align: justify;\">Con la finalidad de llegar hasta diferentes casas de ni\u00f1os con capacidades diferentes y con vulnerabilidad, es que la Tercera Comisar\u00eda de Vallenar junto al municipio local a trav\u00e9s de la Oficina de la Discapacidad, realizaron la actividad denominada \u201cUnidos por una Sonrisa de Esperanza\u201d en la capital provincial del Huasco.<\/p>\n<p style=\"text-align: justify;\">\u201cSe realiz\u00f3 una peque\u00f1a caravana, en la cual se desplazaba el trineo con el viejito pascuero en donde se visit\u00f3 a las familias, entreg\u00e1ndoles un significativo regalo con el fin de sumar y compartir una sonrisa y un momento de alegr\u00eda tanto para ellos, como para quienes participamos en la actividad. Esta iniciativa tuvo una gran aceptaci\u00f3n por parte de los vallenarinos quienes aprovecharon la oportunidad de saludar a pap\u00e1 Noel y sus carabineros que lo escoltaban\u201d, coment\u00f3 Mario Recabarren Leiva, Mayor Comisario de la Tercera Comisar\u00eda de Vallenar.<\/p>\n<p style=\"text-align: justify;\">En la oportunidad tanto funcionarios de Carabineros como del municipio local y voluntarios, recorrieron distintos puntos de Vallenar, donde visitaron principalmente, ni\u00f1os postrados que no han podido participar de las otras actividades navide\u00f1as que se han realizado en la comuna.<\/p>\n<p style=\"text-align: justify;\">Acompa\u00f1\u00f3 a la caravana el alcalde (s) de Vallenar, Jorge Villalobos, quien mencion\u00f3 sentirse muy contento con la iniciativa liderada por Carabineros, \u201cla cual se ha realizado por varios a\u00f1os con el apoyo de muchos voluntarios an\u00f3nimos que quieren entregar un mensaje de esperanza en estas fechas, nosotros como municipio obviamente nos haremos part\u00edcipes cada vez que la instituci\u00f3n pida nuestro apoyo\u201d.<\/p>\n<p style=\"text-align: justify;\">La iniciativa solidaria naci\u00f3 del Cabo 1ero Alejandro Pinto Vedia de la dotaci\u00f3n Ret\u00e9n Alfredo Rosas Bugue\u00f1o, por lo que quedar\u00e1n instaurada dentro de las actividades navide\u00f1as de Vallenar.<\/p>\n","protected":false},"excerpt":{"rendered":"<p>Con la finalidad de llegar hasta diferentes casas de ni\u00f1os con capacidades diferentes y con vulnerabilidad, es que la Tercera Comisar\u00eda de Vallenar junto al&hellip; <\/p>\n","protected":false},"author":2,"featured_media":3318,"comment_status":"open","ping_status":"closed","sticky":false,"template":"","format":"standard","meta":{"footnotes":""},"categories":[6],"tags":[],"class_list":["post-3317","post","type-post","status-publish","format-standard","has-post-thumbnail","hentry","category-policial"],"_links":{"self":[{"href":"https:\/\/www.radioamigavallenar.cl\/index.php?rest_route=\/wp\/v2\/posts\/3317","targetHints":{"allow":["GET"]}}],"collection":[{"href":"https:\/\/www.radioamigavallenar.cl\/index.php?rest_route=\/wp\/v2\/posts"}],"about":[{"href":"https:\/\/www.radioamigavallenar.cl\/index.php?rest_route=\/wp\/v2\/types\/post"}],"author":[{"embeddable":true,"href":"https:\/\/www.radioamigavallenar.cl\/index.php?rest_route=\/wp\/v2\/users\/2"}],"replies":[{"embeddable":true,"href":"https:\/\/www.radioamigavallenar.cl\/index.php?rest_route=%2Fwp%2Fv2%2Fcomments&post=3317"}],"version-history":[{"count":0,"href":"https:\/\/www.radioamigavallenar.cl\/index.php?rest_route=\/wp\/v2\/posts\/3317\/revisions"}],"wp:featuredmedia":[{"embeddable":true,"href":"https:\/\/www.radioamigavallenar.cl\/index.php?rest_route=\/wp\/v2\/media\/3318"}],"wp:attachment":[{"href":"https:\/\/www.radioamigavallenar.cl\/index.php?rest_route=%2Fwp%2Fv2%2Fmedia&parent=3317"}],"wp:term":[{"taxonomy":"category","embeddable":true,"href":"https:\/\/www.radioamigavallenar.cl\/index.php?rest_route=%2Fwp%2Fv2%2Fcategories&post=3317"},{"taxonomy":"post_tag","embeddable":true,"href":"https:\/\/www.radioamigavallenar.cl\/index.php?rest_route=%2Fwp%2Fv2%2Ftags&post=3317"}],"curies":[{"name":"wp","href":"https:\/\/api.w.org\/{rel}","templated":true}]}}