{"id":33169,"date":"2020-12-07T10:32:51","date_gmt":"2020-12-07T13:32:51","guid":{"rendered":"https:\/\/www.radioamigavallenar.cl\/?p=33169"},"modified":"2020-12-07T10:32:51","modified_gmt":"2020-12-07T13:32:51","slug":"entregan-1-022-millones-para-beneficiar-a-pequenos-mineros-de-la-provincia-de-huasco","status":"publish","type":"post","link":"https:\/\/www.radioamigavallenar.cl\/?p=33169","title":{"rendered":"Entregan $1.022 millones para beneficiar a peque\u00f1os mineros de la Provincia de Huasco"},"content":{"rendered":"<ul>\n<li><b>Los recursos provenientes del Fondo Nacional de Desarrollo Regional, FNDR y del programa PAMMA, permitir\u00e1n beneficiar a m\u00e1s de 150 proyectos para mejorar campamentos y aumentar la productividad mediante labores mineras o maquinarias.<\/b><\/li>\n<\/ul>\n<p class=\"x_MsoNormal\">Un total de $1.022.000.000, fueron entregados a los peque\u00f1os productores mineros y mineros artesanales de la provincia del Huasco en una ceremonia en la que participaron el Intendente de Atacama, Patricio Urquieta, el Seremi de Miner\u00eda, Cristian Alvayai y el Gerente de Fomento y Miner\u00eda de ENAMI, Felipe Carrasco, junto a los consejeros regionales de la provincia.<\/p>\n<p class=\"x_MsoNormal\">La ceremonia se llev\u00f3 a cabo en la planta de Vallenar de ENAMI respetando la medida sanitaria para estos casos de no exceder el aforo de 50 personas entre productores con beneficios y autoridades. Tambi\u00e9n estuvieron presentes los consejeros regionales Patricio Alfaro, Juan Santana, Roberto Alegr\u00eda y Rebeca Torrej\u00f3n y el alcalde de Vallenar V\u00edctor Isla.<\/p>\n<p class=\"x_MsoNormal\">Los fondos provienen de 4 fondos en ejecuci\u00f3n que entrega distintos tipos de subsidios y que fueron aprobados por el Consejo Regional de Atacama por un total de $768 millones, beneficiaran a 99 proyectos. En tanto el programa PAMMA (Programa de Capacitaci\u00f3n y Transferencia Tecnol\u00f3gica para la Peque\u00f1a Miner\u00eda Artesanal), aport\u00f3 $254 millones para un total de 53 proyectos provinciales.<\/p>\n<p class=\"x_MsoNormal\">Las iniciativas financiadas corresponden a obras de seguridad y mejoramiento de campamentos mineros, ejecuci\u00f3n de labores de desarrollo con el objeto que el productor logre llegar a la veta minera, la compra de minicargador o compresor con kit de perforaci\u00f3n y la adquisici\u00f3n de un kit fotovoltaico para campamentos mineros.<\/p>\n<p class=\"x_MsoNormal\">Al respecto, la primera autoridad regional, quien encabez\u00f3 la actividad con algunos beneficiarios, se\u00f1al\u00f3 que \u201chemos entregado estos recursos a los productores mineros de la Provincia de Huasco que han sido beneficiados con los programas que estamos impulsando en miner\u00eda de parte del Gobierno del Presidente Pi\u00f1era, precisamente en un esfuerzo in\u00e9dito que se ha hecho a nivel regional para fortalecer las capacidades de los peque\u00f1os mineros y que puedan tener faenas m\u00e1s modernas, m\u00e1s productiva y m\u00e1s seguras\u201d.<\/p>\n<p class=\"x_MsoNormal\">\u201cEstamos implementando m\u00e1s de $2.239 millones del Fondo Nacional de Desarrollo Regional que se suman a los $768 millones de pesos del programa PAMMA a nivel regional. En la provincia del Huasco estos recursos est\u00e1n beneficiando a m\u00e1s de 150 proyectos que hoy d\u00eda se traducen en oportunidades para que la gente pueda seguir trabajando en tiempos dif\u00edciles, siga produciendo y a la vez hacerlo de manera mucho m\u00e1s eficiente, mediante el uso de compresores, minicargadores o proyectos de innovaci\u00f3n que les brinde m\u00e1s autonom\u00eda y que finalmente se traduzcan en una faena mucho m\u00e1s moderna para efectos de seguir produciendo y entregando mineral para alentar la econom\u00eda local, fomentar la actividad minera y sobre todo ayudar a las personas que est\u00e1n trabajando a que lo hagan mejor\u201d.<\/p>\n<p class=\"x_MsoNormal\">En tanto el seremi\u00a0 Cristian Alvayai afirm\u00f3 que \u201cesto es parte del programa de Gobierno de nuestro presidente Sebasti\u00e1n Pi\u00f1era, que pone especial atenci\u00f3n en los productores de la peque\u00f1a miner\u00eda y miner\u00eda artesanal, tal como nos lo ha indicado nuestro ministro Baldo Prokurica; es por ello que estamos haciendo entrega de beneficios hist\u00f3ricos para la regi\u00f3n, que permitir\u00e1n lograr cambios radicales desde el punto de vista sanitario y productivos con la entrega de los mejores equipamientos para los productores mineros y tambi\u00e9n el capital de trabajo necesario para avanzar en cada una de las labores mineras. Sin duda tambi\u00e9n hemos puesto el foco en la innovaci\u00f3n, al permitir que los productores mineros tengan iluminaci\u00f3n solar dentro de su campamento, energ\u00eda muy necesaria para poder dar habitabilidad a cada una de las faenas mineras\u201d.<\/p>\n<p class=\"x_MsoNormal\">Finalmente, Felipe Carrasco agreg\u00f3 que \u201cla iniciativa del Gobierno de Chile a trav\u00e9s del FNDR, m\u00e1s el presupuesto del PAMMA, unidos a la labor de ENAMI de\u00a0 fomento con impacto, \u00a0con un presupuesto robusto para programas de apoyo al sector, se traducen en que cada minero va a tener la posibilidad de expandir y crecer en cada una de sus faenas, junto con entregar m\u00e1s mineral a ENAMI.\u00a0 Esto significa que, aprovechando el precio del cobre y del oro que se vislumbra y que va en aumento, habr\u00e1 mayor prosperidad para la miner\u00eda de menor escala en provincias como la del Huasco, donde como ENAMI, este a\u00f1o, hemos comprando US$ 8 millones en minerales a productores de la peque\u00f1a miner\u00eda\u201d.<\/p>\n<p class=\"x_MsoNormal\">Tras recibir los cheques que concretan esta entrega de recursos los productores manifestaron su conformidad debido a que el aporte les permitir\u00e1 salir adelante en sus faenas, tal es el caso de Ana Castillo de la faena Estrella 4 al 6 de Vallenar que dijo, \u201cFui beneficiada con los metros de labores, con ello podr\u00e9 seguir dando trabajo a la gente y estoy muy agradecida de la ayuda que nos han dado para seguir apoyando a nuestra gente\u201d.<\/p>\n<p class=\"x_MsoNormal\">En tanto Arnaldo del Campo presidente de la Asociaci\u00f3n Minera de Vallenar se\u00f1al\u00f3 que \u201clos recursos que se han aprobado por el FNDR para la peque\u00f1a miner\u00eda son realmente hist\u00f3rico y muy importante porque van a permitir duplicar y triplicar la generaci\u00f3n de valor a trav\u00e9s de la venta de minerales que es el activo m\u00e1s importante que tiene la regi\u00f3n de Atacama sus minerales y as\u00ed ha sido hist\u00f3ricamente y va a seguir siendo\u201d.<\/p>\n","protected":false},"excerpt":{"rendered":"<p>Los recursos provenientes del Fondo Nacional de Desarrollo Regional, FNDR y del programa PAMMA, permitir\u00e1n beneficiar a m\u00e1s de 150 proyectos para mejorar campamentos y&hellip; <\/p>\n","protected":false},"author":2,"featured_media":33170,"comment_status":"open","ping_status":"closed","sticky":false,"template":"","format":"standard","meta":{"footnotes":""},"categories":[7,34,1],"tags":[],"class_list":["post-33169","post","type-post","status-publish","format-standard","has-post-thumbnail","hentry","category-atacama","category-mineria","category-provincia-del-huasco-2"],"_links":{"self":[{"href":"https:\/\/www.radioamigavallenar.cl\/index.php?rest_route=\/wp\/v2\/posts\/33169","targetHints":{"allow":["GET"]}}],"collection":[{"href":"https:\/\/www.radioamigavallenar.cl\/index.php?rest_route=\/wp\/v2\/posts"}],"about":[{"href":"https:\/\/www.radioamigavallenar.cl\/index.php?rest_route=\/wp\/v2\/types\/post"}],"author":[{"embeddable":true,"href":"https:\/\/www.radioamigavallenar.cl\/index.php?rest_route=\/wp\/v2\/users\/2"}],"replies":[{"embeddable":true,"href":"https:\/\/www.radioamigavallenar.cl\/index.php?rest_route=%2Fwp%2Fv2%2Fcomments&post=33169"}],"version-history":[{"count":1,"href":"https:\/\/www.radioamigavallenar.cl\/index.php?rest_route=\/wp\/v2\/posts\/33169\/revisions"}],"predecessor-version":[{"id":33171,"href":"https:\/\/www.radioamigavallenar.cl\/index.php?rest_route=\/wp\/v2\/posts\/33169\/revisions\/33171"}],"wp:featuredmedia":[{"embeddable":true,"href":"https:\/\/www.radioamigavallenar.cl\/index.php?rest_route=\/wp\/v2\/media\/33170"}],"wp:attachment":[{"href":"https:\/\/www.radioamigavallenar.cl\/index.php?rest_route=%2Fwp%2Fv2%2Fmedia&parent=33169"}],"wp:term":[{"taxonomy":"category","embeddable":true,"href":"https:\/\/www.radioamigavallenar.cl\/index.php?rest_route=%2Fwp%2Fv2%2Fcategories&post=33169"},{"taxonomy":"post_tag","embeddable":true,"href":"https:\/\/www.radioamigavallenar.cl\/index.php?rest_route=%2Fwp%2Fv2%2Ftags&post=33169"}],"curies":[{"name":"wp","href":"https:\/\/api.w.org\/{rel}","templated":true}]}}