{"id":33166,"date":"2020-12-07T10:31:09","date_gmt":"2020-12-07T13:31:09","guid":{"rendered":"https:\/\/www.radioamigavallenar.cl\/?p=33166"},"modified":"2020-12-07T10:31:09","modified_gmt":"2020-12-07T13:31:09","slug":"patricio-neira-sera-el-candidato-del-ps-en-las-primarias-de-la-oposicion","status":"publish","type":"post","link":"https:\/\/www.radioamigavallenar.cl\/?p=33166","title":{"rendered":"Patricio Neira ser\u00e1 el candidato del PS en las primarias de la Oposici\u00f3n"},"content":{"rendered":"<p>Desde el Partido Socialista (PS) Vallenar, su presidente Mario Alcota, se\u00f1al\u00f3 que ya se escogi\u00f3 un\u00a0candidato para las primarias de la oposici\u00f3n\u00a0en la comuna.<\/p>\n<p>Alcota coment\u00f3 que\u00a0\u201cnosotros insistimos en que el proceso que se deb\u00eda llevar a cabo ten\u00eda que ser de cara a la ciudadan\u00eda,\u00a0donde fueran ellos quienes tuviesen la \u00faltima palabra\u00a0en quien deber\u00eda representar y encarnar el proyecto para municipales.<\/p>\n<p>Esa fue siempre nuestra propuesta,\u00a0tambi\u00e9n sab\u00edamos que hab\u00eda una permanente peregrinaci\u00f3n a la comisi\u00f3n pol\u00edtica con el fin de obtener esos votos.\u00a0Quiz\u00e1s pecamos de ingenuos, que se respetar\u00eda el rol principal de los estamentos de base, como son la autonom\u00eda para resolver la representaci\u00f3n del partido en su propio territorio, que primar\u00eda el sentido com\u00fan,\u00a0ya que la candidata nuestra Catisis Lobos, representa los valores de este grupo de compa\u00f1eros que forman este comunal y cre\u00edmos, te lo reitero, ingenuamente, que el perfil y el apoyo eran suficiente\u201d, dijo.<\/p>\n<p>\u201cEn la comisi\u00f3n pol\u00edtica se decidi\u00f3 por una mayor\u00eda, que el candidato ac\u00e1 en Vallenar era Patricio Neira, esto incluso con el voto Ema Albanez representante de la regi\u00f3n en comit\u00e9 Central.<\/p>\n<p>Nosotros respetamos esta decisi\u00f3n\u00a0lo que no implica que estemos de acuerdo. Lo que si te puedo decir que los resultados que est\u00e1 teniendo el PS en la regi\u00f3n nos hacen obligatoriamente mirar hacia el trabajo que est\u00e1 realizando el nivel regional, creo sinceramente que ha generado algo que nunca hab\u00eda ocurrido en esta regi\u00f3n\u201d.<\/p>\n<p>&nbsp;<\/p>\n<p><strong><em>Fuente El Noticiero del Huasco<\/em><\/strong><\/p>\n","protected":false},"excerpt":{"rendered":"<p>Desde el Partido Socialista (PS) Vallenar, su presidente Mario Alcota, se\u00f1al\u00f3 que ya se escogi\u00f3 un\u00a0candidato para las primarias de la oposici\u00f3n\u00a0en la comuna. Alcota&hellip; <\/p>\n","protected":false},"author":2,"featured_media":33167,"comment_status":"open","ping_status":"closed","sticky":false,"template":"","format":"standard","meta":{"footnotes":""},"categories":[7,2],"tags":[],"class_list":["post-33166","post","type-post","status-publish","format-standard","has-post-thumbnail","hentry","category-atacama","category-vallenar"],"_links":{"self":[{"href":"https:\/\/www.radioamigavallenar.cl\/index.php?rest_route=\/wp\/v2\/posts\/33166","targetHints":{"allow":["GET"]}}],"collection":[{"href":"https:\/\/www.radioamigavallenar.cl\/index.php?rest_route=\/wp\/v2\/posts"}],"about":[{"href":"https:\/\/www.radioamigavallenar.cl\/index.php?rest_route=\/wp\/v2\/types\/post"}],"author":[{"embeddable":true,"href":"https:\/\/www.radioamigavallenar.cl\/index.php?rest_route=\/wp\/v2\/users\/2"}],"replies":[{"embeddable":true,"href":"https:\/\/www.radioamigavallenar.cl\/index.php?rest_route=%2Fwp%2Fv2%2Fcomments&post=33166"}],"version-history":[{"count":1,"href":"https:\/\/www.radioamigavallenar.cl\/index.php?rest_route=\/wp\/v2\/posts\/33166\/revisions"}],"predecessor-version":[{"id":33168,"href":"https:\/\/www.radioamigavallenar.cl\/index.php?rest_route=\/wp\/v2\/posts\/33166\/revisions\/33168"}],"wp:featuredmedia":[{"embeddable":true,"href":"https:\/\/www.radioamigavallenar.cl\/index.php?rest_route=\/wp\/v2\/media\/33167"}],"wp:attachment":[{"href":"https:\/\/www.radioamigavallenar.cl\/index.php?rest_route=%2Fwp%2Fv2%2Fmedia&parent=33166"}],"wp:term":[{"taxonomy":"category","embeddable":true,"href":"https:\/\/www.radioamigavallenar.cl\/index.php?rest_route=%2Fwp%2Fv2%2Fcategories&post=33166"},{"taxonomy":"post_tag","embeddable":true,"href":"https:\/\/www.radioamigavallenar.cl\/index.php?rest_route=%2Fwp%2Fv2%2Ftags&post=33166"}],"curies":[{"name":"wp","href":"https:\/\/api.w.org\/{rel}","templated":true}]}}