{"id":33163,"date":"2020-12-07T10:28:41","date_gmt":"2020-12-07T13:28:41","guid":{"rendered":"https:\/\/www.radioamigavallenar.cl\/?p=33163"},"modified":"2020-12-07T10:31:31","modified_gmt":"2020-12-07T13:31:31","slug":"empresaria-pisquera-expuso-en-foro-tendencias-comerciales-post-covid-19-europa-de-prochile","status":"publish","type":"post","link":"https:\/\/www.radioamigavallenar.cl\/?p=33163","title":{"rendered":"Empresaria pisquera expuso en Foro \u00abTendencias Comerciales post Covid 19 Europa\u00bb de ProChile"},"content":{"rendered":"<p><strong>La productora Lady Ram\u00edrez, de Armidita y Eco Ranch Spa, cont\u00f3 con destacada participaci\u00f3n junto a expertos internacionales.<\/strong><span id=\"more-228839\"><\/span><\/p>\n<p>Una destacada participaci\u00f3n como expositora en el Foro Internacional \u00abTendencias Comerciales post Covid 19 Europa\u00bb organizado por ProChile, tuvo la productora de vinos y destilados de Alto de Carmen, Lady Ram\u00edrez.<\/p>\n<p>El evento encabezado por el Canciller Andr\u00e9s Allamand, y el Director General de ProChile, Jorge O`Ryan, cont\u00f3 con la participaci\u00f3n de importantes expertos internacionales adem\u00e1s de exitosas empresarias de distintas regiones del pa\u00eds.<\/p>\n<p>En el caso de la empresaria de Alto del Carmen, Ram\u00edrez relat\u00f3 su historia y experiencia tanto en la empresa Armidita (negocio familiar junto a\u00a0 sus hermanas Sandra y Cecilia), como en la productora Eco Ranch Spa, proyecto personal reconocido por la fabricaci\u00f3n del primer Gin de Atacama.<\/p>\n<p>En su intervenci\u00f3n, Lady Ram\u00edrez, se\u00f1al\u00f3 que \u201ccomenzamos con la exportaci\u00f3n el a\u00f1o 2015, y nos fuimos reinventando en el camino. Hoy por ejemplo, estamos exportando el Gin, principalmente a Europa, en Reino Unido.\u00a0 Al comienzo de la pandemia tuvimos un poco de miedo, por el sistema de consumo de nuestro producto, pero con el\u00a0<em>e-commerce<\/em>\u00a0 comenzamos a ver un crecimiento en las ventas. Este a\u00f1o no paramos las exportaciones y ha sido m\u00e1s bien favorable a nuestra l\u00ednea de negocios. Por ello, el futuro se observa mejor que antes, dado que en el mundo cambi\u00f3 la forma de comprar y los clientes siguen consumiendo\u201d.<\/p>\n<p>En este contexto, la Directora (s) de ProChile Atacama, Claudia Pradenas, \u00a0valor\u00f3 la participaci\u00f3n de la productora de Alto del Carmen en este importante Foro Internacional, que viene a reconocer el trabajo realizado tanto en Armidita como en Eco Ranch Spa, confirmando el buen a\u00f1o comercial concretado principalmente gracias a las exportaciones de Gin al mercado europeo, y a la relevancia del sistema e-commerce en la actualidad del mercado mundial.<\/p>\n<p>Por otro lado, Pradenas explic\u00f3 que este Foro Internacional busc\u00f3 entregar informaci\u00f3n y herramientas a los exportadores a partir de la experiencia de lo que est\u00e1 sucediendo en el retail europeo, siempre a la vanguardia de los cambios que est\u00e1n sucediendo en el mundo y particularmente en Europa, donde Chile exporta productos que podr\u00edan ser afectados si no se adaptan a esos nuevos escenarios.<\/p>\n<p>Dentro de los temas tratados en el evento online, qued\u00f3 de manifiesto que la industria del retail se enfrenta a un escenario mundial sin precedentes, con un futuro del sector marcado por la evoluci\u00f3n de tendencias que anteceden al COVID-19, donde surgir\u00e1n nuevos modelos de negocio basados en la revoluci\u00f3n digital.<\/p>\n","protected":false},"excerpt":{"rendered":"<p>La productora Lady Ram\u00edrez, de Armidita y Eco Ranch Spa, cont\u00f3 con destacada participaci\u00f3n junto a expertos internacionales. Una destacada participaci\u00f3n como expositora en el&hellip; <\/p>\n","protected":false},"author":2,"featured_media":33164,"comment_status":"open","ping_status":"closed","sticky":false,"template":"","format":"standard","meta":{"footnotes":""},"categories":[5,38],"tags":[],"class_list":["post-33163","post","type-post","status-publish","format-standard","has-post-thumbnail","hentry","category-alto-del-carmen","category-portada-regional"],"_links":{"self":[{"href":"https:\/\/www.radioamigavallenar.cl\/index.php?rest_route=\/wp\/v2\/posts\/33163","targetHints":{"allow":["GET"]}}],"collection":[{"href":"https:\/\/www.radioamigavallenar.cl\/index.php?rest_route=\/wp\/v2\/posts"}],"about":[{"href":"https:\/\/www.radioamigavallenar.cl\/index.php?rest_route=\/wp\/v2\/types\/post"}],"author":[{"embeddable":true,"href":"https:\/\/www.radioamigavallenar.cl\/index.php?rest_route=\/wp\/v2\/users\/2"}],"replies":[{"embeddable":true,"href":"https:\/\/www.radioamigavallenar.cl\/index.php?rest_route=%2Fwp%2Fv2%2Fcomments&post=33163"}],"version-history":[{"count":1,"href":"https:\/\/www.radioamigavallenar.cl\/index.php?rest_route=\/wp\/v2\/posts\/33163\/revisions"}],"predecessor-version":[{"id":33165,"href":"https:\/\/www.radioamigavallenar.cl\/index.php?rest_route=\/wp\/v2\/posts\/33163\/revisions\/33165"}],"wp:featuredmedia":[{"embeddable":true,"href":"https:\/\/www.radioamigavallenar.cl\/index.php?rest_route=\/wp\/v2\/media\/33164"}],"wp:attachment":[{"href":"https:\/\/www.radioamigavallenar.cl\/index.php?rest_route=%2Fwp%2Fv2%2Fmedia&parent=33163"}],"wp:term":[{"taxonomy":"category","embeddable":true,"href":"https:\/\/www.radioamigavallenar.cl\/index.php?rest_route=%2Fwp%2Fv2%2Fcategories&post=33163"},{"taxonomy":"post_tag","embeddable":true,"href":"https:\/\/www.radioamigavallenar.cl\/index.php?rest_route=%2Fwp%2Fv2%2Ftags&post=33163"}],"curies":[{"name":"wp","href":"https:\/\/api.w.org\/{rel}","templated":true}]}}