{"id":33158,"date":"2020-12-07T08:28:12","date_gmt":"2020-12-07T11:28:12","guid":{"rendered":"https:\/\/www.radioamigavallenar.cl\/?p=33158"},"modified":"2020-12-07T08:28:12","modified_gmt":"2020-12-07T11:28:12","slug":"solicitud-ciudadana-protejamos-los-humedales-urbanos-de-vallenar","status":"publish","type":"post","link":"https:\/\/www.radioamigavallenar.cl\/?p=33158","title":{"rendered":"Solicitud ciudadana: \u201cProtejamos los humedales urbanos de Vallenar\u201d"},"content":{"rendered":"<p>Con la puesta en marcha del reglamento que permite que la Ley de Humedales Urbanos pueda funcionar, los municipios tienen las herramientas para solicitar al Ministerio de Medio Ambiente el reconocimiento de la calidad de \u201cHumedal Urbano\u201d a los ecosistemas que cumplan con los criterios establecidos por ley para su protecci\u00f3n.\u00a0 Es as\u00ed como un grupo de ciudadanos de la comuna de Vallenar se reuni\u00f3 para iniciar una campa\u00f1a que permita que dos sectores emblem\u00e1ticos de esta comuna se transformen en humedales urbanos.<\/p>\n<p>Al respecto Armando Flores Jim\u00e9nez, qui\u00e9n es parte del grupo que lidera esta solicitud se\u00f1al\u00f3 que \u201cen la comuna tenemos dos sectores de gran importancia por la enorme biodiversidad que all\u00ed se genera, se trata de los humedales del sector de El Jilguero y el de Chamonate \u2013 Chacra Mart\u00ednez, los que requieren con urgencia de protecci\u00f3n, cuidado y medidas por parte de la autoridad para que se proteja y resguarde, ya que estos sectores tienen una enorme relevancia para su entorno y para mitigar los efectos del cambio clim\u00e1tico\u201d, explic\u00f3.<\/p>\n<p>Jurak Jaksic, joven profesional vallenarino y gestor de esta iniciativa, se\u00f1al\u00f3 que \u201ces momento de hacer y de dejar de ser simples observadores del deterioro de nuestro medio ambiente, tenemos que ser agentes activos de los cambios para nuestra comunidad y parte importante de esto es el proteger nuestro entorno.\u00a0 Estos humedales son parte de la historia de nuestra comuna, de nuestra infancia y quiero que se preserven para las futuras generaciones, por eso es importante que las instituciones a las que les compete tomen cartas en el asunto y hagan su trabajo protegi\u00e9ndolos\u201d.<\/p>\n<p>Por su parte Armando Flores agreg\u00f3 que \u201choy los municipios cuentan con las herramientas necesarias para proteger y conservar los humedales urbanos que son de gran importancia, ya que en ellos se desarrollan ecosistemas primordiales para el medio ambiente, debido a que son reservorios de agua, contribuyen a la recarga de napas subterr\u00e1neas, contienen una gran biodiversidad y ayudan a mitigar el cambio clim\u00e1tico.\u00a0 Con la aprobaci\u00f3n del reglamento ahora solo resta la buena gesti\u00f3n de los municipios para que esto se concrete\u201d.<\/p>\n<p>Seg\u00fan explicaron ambos, ahora comenzar\u00e1n con la recolecci\u00f3n de firmas para que la comunidad se integre, participe y exija organizadamente que los humedales urbanos de Vallenar sean protegidos a trav\u00e9s del dise\u00f1o de una ordenanza general para la conservaci\u00f3n y preservaci\u00f3n de la red de ecosistemas ubicados dentro de los l\u00edmites de la comuna, adem\u00e1s de la implementaci\u00f3n de una pol\u00edtica integral para el dise\u00f1o y planificaci\u00f3n de la\u00a0infraestructura ecol\u00f3gica ubicada en el tramo del r\u00edo que atraviesa Vallenar.<\/p>\n","protected":false},"excerpt":{"rendered":"<p>Con la puesta en marcha del reglamento que permite que la Ley de Humedales Urbanos pueda funcionar, los municipios tienen las herramientas para solicitar al&hellip; <\/p>\n","protected":false},"author":2,"featured_media":33159,"comment_status":"open","ping_status":"closed","sticky":false,"template":"","format":"standard","meta":{"footnotes":""},"categories":[7,2],"tags":[],"class_list":["post-33158","post","type-post","status-publish","format-standard","has-post-thumbnail","hentry","category-atacama","category-vallenar"],"_links":{"self":[{"href":"https:\/\/www.radioamigavallenar.cl\/index.php?rest_route=\/wp\/v2\/posts\/33158","targetHints":{"allow":["GET"]}}],"collection":[{"href":"https:\/\/www.radioamigavallenar.cl\/index.php?rest_route=\/wp\/v2\/posts"}],"about":[{"href":"https:\/\/www.radioamigavallenar.cl\/index.php?rest_route=\/wp\/v2\/types\/post"}],"author":[{"embeddable":true,"href":"https:\/\/www.radioamigavallenar.cl\/index.php?rest_route=\/wp\/v2\/users\/2"}],"replies":[{"embeddable":true,"href":"https:\/\/www.radioamigavallenar.cl\/index.php?rest_route=%2Fwp%2Fv2%2Fcomments&post=33158"}],"version-history":[{"count":1,"href":"https:\/\/www.radioamigavallenar.cl\/index.php?rest_route=\/wp\/v2\/posts\/33158\/revisions"}],"predecessor-version":[{"id":33160,"href":"https:\/\/www.radioamigavallenar.cl\/index.php?rest_route=\/wp\/v2\/posts\/33158\/revisions\/33160"}],"wp:featuredmedia":[{"embeddable":true,"href":"https:\/\/www.radioamigavallenar.cl\/index.php?rest_route=\/wp\/v2\/media\/33159"}],"wp:attachment":[{"href":"https:\/\/www.radioamigavallenar.cl\/index.php?rest_route=%2Fwp%2Fv2%2Fmedia&parent=33158"}],"wp:term":[{"taxonomy":"category","embeddable":true,"href":"https:\/\/www.radioamigavallenar.cl\/index.php?rest_route=%2Fwp%2Fv2%2Fcategories&post=33158"},{"taxonomy":"post_tag","embeddable":true,"href":"https:\/\/www.radioamigavallenar.cl\/index.php?rest_route=%2Fwp%2Fv2%2Ftags&post=33158"}],"curies":[{"name":"wp","href":"https:\/\/api.w.org\/{rel}","templated":true}]}}