{"id":33152,"date":"2020-12-07T06:01:22","date_gmt":"2020-12-07T09:01:22","guid":{"rendered":"https:\/\/www.radioamigavallenar.cl\/?p=33152"},"modified":"2020-12-07T10:40:12","modified_gmt":"2020-12-07T13:40:12","slug":"segundo-retiro-de-10-por-ciento-de-las-afp-se-podra-solicitar-desde-este-jueves","status":"publish","type":"post","link":"https:\/\/www.radioamigavallenar.cl\/?p=33152","title":{"rendered":"Segundo retiro de 10 por ciento de las AFP se podr\u00e1 solicitar desde este jueves"},"content":{"rendered":"<p>A partir de este jueves se podr\u00e1 solicitar el\u00a0<strong>segundo retiro del 10% a las AFP<\/strong>, el que tendr\u00e1 un tope m\u00e1ximo de retiro de 150 UF.<\/p>\n<p>Con la publicaci\u00f3n en el Diario Oficial, se espera que a las 9:00 de este jueves las aseguradoras tengan habilitadas en sus p\u00e1ginas web el formulario para que los cotizantes puedan formalizar el retiro.<\/p>\n<p>El subsecretario de Previsi\u00f3n Social, Pedro Pizarro, explic\u00f3 el proceso del retiro en primera instancia ser\u00e1 solo v\u00eda web, para evitar las aglomeraciones y los riesgos asociados al covid-19<\/p>\n<p>Fernando Larra\u00edn, gerente general de la Asociaci\u00f3n de AFP, se\u00f1al\u00f3 que ya est\u00e1n preparados para comenzar con el proceso del segundo retiro, el cual<strong>\u00a0se comenzar\u00eda a pagar el pr\u00f3ximo 17 de diciembre<\/strong>.<\/p>\n<h2>\u00bfC\u00f3mo es este segundo retiro?<\/h2>\n<p>El retiro no podr\u00e1 exceder de\u00a0<strong>150 UF<\/strong>\u00a0(alrededor de $4.360.000), ni ser inferior a 35 UF (poco m\u00e1s de $1 mill\u00f3n), en caso de que los saldos acumulados en la cuenta as\u00ed lo permitan. En el caso de que los fondos sean menores a lo reci\u00e9n mencionado, el afiliado podr\u00e1 retirar la totalidad de los recursos de dicha cuenta.<\/p>\n<p>Estar\u00e1n impedidos de solicitar el retiro las personas cuyas rentas o remuneraciones se regulen de conformidad a lo dispuesto en el art\u00edculo 38 bis de la Constituci\u00f3n Pol\u00edtica de la Rep\u00fablica y que afecta a las altas autoridades (Presidente, ministros, subsecretarios y parlamentarios, entre otros).<\/p>\n<p>Asimismo, se estableci\u00f3 que\u00a0<strong>pagar\u00e1n impuestos<\/strong>\u00a0quienes tengan una renta imponible de $1,5 millones mensuales hacia arriba.<\/p>\n<p>Finalmente, al igual que el primer retiro, se podr\u00e1 retirar en un plazo de un a\u00f1o.<\/p>\n","protected":false},"excerpt":{"rendered":"<p>A partir de este jueves se podr\u00e1 solicitar el\u00a0segundo retiro del 10% a las AFP, el que tendr\u00e1 un tope m\u00e1ximo de retiro de 150&hellip; <\/p>\n","protected":false},"author":2,"featured_media":33153,"comment_status":"open","ping_status":"closed","sticky":false,"template":"","format":"standard","meta":{"footnotes":""},"categories":[37],"tags":[],"class_list":["post-33152","post","type-post","status-publish","format-standard","has-post-thumbnail","hentry","category-nacional"],"_links":{"self":[{"href":"https:\/\/www.radioamigavallenar.cl\/index.php?rest_route=\/wp\/v2\/posts\/33152","targetHints":{"allow":["GET"]}}],"collection":[{"href":"https:\/\/www.radioamigavallenar.cl\/index.php?rest_route=\/wp\/v2\/posts"}],"about":[{"href":"https:\/\/www.radioamigavallenar.cl\/index.php?rest_route=\/wp\/v2\/types\/post"}],"author":[{"embeddable":true,"href":"https:\/\/www.radioamigavallenar.cl\/index.php?rest_route=\/wp\/v2\/users\/2"}],"replies":[{"embeddable":true,"href":"https:\/\/www.radioamigavallenar.cl\/index.php?rest_route=%2Fwp%2Fv2%2Fcomments&post=33152"}],"version-history":[{"count":1,"href":"https:\/\/www.radioamigavallenar.cl\/index.php?rest_route=\/wp\/v2\/posts\/33152\/revisions"}],"predecessor-version":[{"id":33154,"href":"https:\/\/www.radioamigavallenar.cl\/index.php?rest_route=\/wp\/v2\/posts\/33152\/revisions\/33154"}],"wp:featuredmedia":[{"embeddable":true,"href":"https:\/\/www.radioamigavallenar.cl\/index.php?rest_route=\/wp\/v2\/media\/33153"}],"wp:attachment":[{"href":"https:\/\/www.radioamigavallenar.cl\/index.php?rest_route=%2Fwp%2Fv2%2Fmedia&parent=33152"}],"wp:term":[{"taxonomy":"category","embeddable":true,"href":"https:\/\/www.radioamigavallenar.cl\/index.php?rest_route=%2Fwp%2Fv2%2Fcategories&post=33152"},{"taxonomy":"post_tag","embeddable":true,"href":"https:\/\/www.radioamigavallenar.cl\/index.php?rest_route=%2Fwp%2Fv2%2Ftags&post=33152"}],"curies":[{"name":"wp","href":"https:\/\/api.w.org\/{rel}","templated":true}]}}