{"id":33150,"date":"2020-12-07T06:00:31","date_gmt":"2020-12-07T09:00:31","guid":{"rendered":"https:\/\/www.radioamigavallenar.cl\/?p=33150"},"modified":"2020-12-06T20:42:29","modified_gmt":"2020-12-06T23:42:29","slug":"peligran-primarias-ciudadanas-de-huasco-tras-retiro-de-precandidatos","status":"publish","type":"post","link":"https:\/\/www.radioamigavallenar.cl\/?p=33150","title":{"rendered":"Peligran primarias ciudadanas de Huasco tras retiro de precandidatos"},"content":{"rendered":"<p>Pese a que hace unos pocos d\u00edas atr\u00e1s los presidentes de los partidos de izquierda y centroizquierda m\u00e1s los independientes anunciaban unas primarias ciudadanas en Huasco para definir al candidato a alcalde que ir\u00eda por ese sector, a fin de evitar que una multiplicidad de candidatos de izquierda favoreciera la opci\u00f3n de Ronny Acu\u00f1a, independiente apoyado por la UDI, se dio a conocer que los candidatos del PR Rafael Vega Peralta, y el independiente apoyado por el PS, Genaro Brice\u00f1o, desist\u00edan de participar en las primarias autoconvocadas.<\/p>\n<p>Los motivos se relacionan con que la noche del viernes, los partidos de la Unidad Constituyente, no colocaron a Huasco entre las comunas con primarias, favoreciendo la opci\u00f3n del PPD por mantener a Huasco como \u201ccupo garantizado\u201d, pese a la voluntad mayoritaria de definir un candidato \u00fanico en primarias y no reiterar la vieja pol\u00edtica de la designaci\u00f3n en c\u00fapula partidista y sin la gente. No obstante que el propio alcalde Rodrigo Loyola, que pertenece al PPD, se hizo parte en el llamado a efectuar primarias con la gente, su partido ha mantenido una postura en pro de defender el cupo para la colectividad y por ello es que plantean que el cupo a la alcald\u00eda le corresponde a Carmen Hidalgo, actual concejala en ejercicio que no podr\u00eda repostular.<\/p>\n<p>De este modo, de mantenerse la insistencia del PPD por asegurar ese cupo alcaldicio hasta abril, los resultados de la primaria podr\u00edan peligrar. Dos de los tres precandidatos, Luis Trigo (DC) y Rafael Vega (PR) quedar\u00edan bloqueados por el pacto Unidad Constituyente en caso de insistir con la candidatura en papeleta directa de Carmen Hidalgo (PPD). De mantenerse ese escenario solo Genaro Brice\u00f1o no estar\u00eda impedido de competir, pero desde su comando prefirieron abandonar la primaria que ellos mismos hab\u00edan colocado como requisito de competencia. En ese escenario los radicales tambi\u00e9n optaron por bajarse y no continuar con el proceso democr\u00e1tico.<\/p>\n<p>As\u00ed las cosas, la primaria ciudadana de Huasco no se llevar\u00eda a efecto y con ello se manifestar\u00eda el peor escenario de la centroizquierda en Huasco, pues se abren las posibilidades para una multiplicidad de candidatos. En este escenario, sin primarias, las elecciones de abril se definir\u00edan entre el anunciado candidato Daniel D\u00edaz, se sumar\u00eda Carmen Hidalgo designada por el PPD y finalmente Genaro Brice\u00f1o que al bajarse de la primaria optar\u00eda por el camino propio alejado del PS comunal, pese a que no ha oficializado su decisi\u00f3n. El m\u00e1s perjudicado ser\u00eda el candidato DC, Luis Trigo, que con una campa\u00f1a en curso quedar\u00eda excluido por secretar\u00eda, sin primarias.<\/p>\n<p>P\u00fablicamente Luis Trigo ha manifestado su desconcierto con esta decisi\u00f3n y su malestar con que las decisiones que afectan a Huasco se adoptar\u00edan sin consulta ciudadana: \u201cesta es una oportunidad maravillosa para que la gente escoja su candidato y tengamos una unidad de proyectos de centroizquierda. Yo concurr\u00ed a esta primaria por invitaci\u00f3n, no porque yo la haya pedido, porque la idea era reunir al mundo de la izquierda, militante e independiente y porque el candidato Brice\u00f1o pon\u00eda como condiciones que existieran primarias, y es lamentable que ahora que estamos en campa\u00f1a a pocos d\u00edas de la primaria que le ofertamos a la gente, se de esta se\u00f1al de poca seriedad y nulo compromiso con los electores que se han comprometido con el proceso.<\/p>\n<p>No me parece una buena decisi\u00f3n, no comparto en lo m\u00e1s m\u00ednimo que desde Santiago nos impongan un candidato, pero si a la primera incomodidad nos damos por vencidos y aceptamos estas imposiciones pues entonces tambi\u00e9n el problema es que a nivel local no estamos dando la pelea y aceptamos el camino f\u00e1cil de los proyectos personales en desmedro de lo colectivo\u201d, se\u00f1al\u00f3 el actual concejal molesto con la decisi\u00f3n central. \u201cEstuve dispuesto a asumir esta primaria aunque no estaba en mis planes, compromet\u00ed mi palabra en participar, le ofrec\u00ed un proyecto a la gente, y conf\u00edo que los otros candidatos, porque son gente seria, hagan lo mismo, independiente de lo que quiera imponer el PPD. Las luchas contra el centralismo se deben dar desde estas instancias, si nos entregamos ahora, qu\u00e9 mensaje le damos a nuestra gente\u201d.<\/p>\n","protected":false},"excerpt":{"rendered":"<p>Pese a que hace unos pocos d\u00edas atr\u00e1s los presidentes de los partidos de izquierda y centroizquierda m\u00e1s los independientes anunciaban unas primarias ciudadanas en&hellip; <\/p>\n","protected":false},"author":2,"featured_media":32429,"comment_status":"open","ping_status":"closed","sticky":false,"template":"","format":"standard","meta":{"footnotes":""},"categories":[7,4],"tags":[],"class_list":["post-33150","post","type-post","status-publish","format-standard","has-post-thumbnail","hentry","category-atacama","category-huasco"],"_links":{"self":[{"href":"https:\/\/www.radioamigavallenar.cl\/index.php?rest_route=\/wp\/v2\/posts\/33150","targetHints":{"allow":["GET"]}}],"collection":[{"href":"https:\/\/www.radioamigavallenar.cl\/index.php?rest_route=\/wp\/v2\/posts"}],"about":[{"href":"https:\/\/www.radioamigavallenar.cl\/index.php?rest_route=\/wp\/v2\/types\/post"}],"author":[{"embeddable":true,"href":"https:\/\/www.radioamigavallenar.cl\/index.php?rest_route=\/wp\/v2\/users\/2"}],"replies":[{"embeddable":true,"href":"https:\/\/www.radioamigavallenar.cl\/index.php?rest_route=%2Fwp%2Fv2%2Fcomments&post=33150"}],"version-history":[{"count":1,"href":"https:\/\/www.radioamigavallenar.cl\/index.php?rest_route=\/wp\/v2\/posts\/33150\/revisions"}],"predecessor-version":[{"id":33151,"href":"https:\/\/www.radioamigavallenar.cl\/index.php?rest_route=\/wp\/v2\/posts\/33150\/revisions\/33151"}],"wp:featuredmedia":[{"embeddable":true,"href":"https:\/\/www.radioamigavallenar.cl\/index.php?rest_route=\/wp\/v2\/media\/32429"}],"wp:attachment":[{"href":"https:\/\/www.radioamigavallenar.cl\/index.php?rest_route=%2Fwp%2Fv2%2Fmedia&parent=33150"}],"wp:term":[{"taxonomy":"category","embeddable":true,"href":"https:\/\/www.radioamigavallenar.cl\/index.php?rest_route=%2Fwp%2Fv2%2Fcategories&post=33150"},{"taxonomy":"post_tag","embeddable":true,"href":"https:\/\/www.radioamigavallenar.cl\/index.php?rest_route=%2Fwp%2Fv2%2Ftags&post=33150"}],"curies":[{"name":"wp","href":"https:\/\/api.w.org\/{rel}","templated":true}]}}