{"id":33147,"date":"2020-12-07T06:00:29","date_gmt":"2020-12-07T09:00:29","guid":{"rendered":"https:\/\/www.radioamigavallenar.cl\/?p=33147"},"modified":"2020-12-06T20:37:29","modified_gmt":"2020-12-06T23:37:29","slug":"vallenar-se-aprobo-la-entrega-de-8-500-cajas-de-mercaderia","status":"publish","type":"post","link":"https:\/\/www.radioamigavallenar.cl\/?p=33147","title":{"rendered":"Vallenar: Se aprob\u00f3 la entrega de 8.500 cajas de mercader\u00eda"},"content":{"rendered":"<p><strong>La iniciativa forma parte de un completo plan de actividades municipales que deben comenzar a realizarse en el contexto de fin de a\u00f1o<\/strong><span id=\"more-130626\"><\/span><\/p>\n<p>En la primera sesi\u00f3n extraordinaria del concejo municipal, encabezada por el nuevo alcalde de Vallenar, V\u00edctor Isla Lutz, aprobaron en forma un\u00e1nime 154 millones de pesos destinados a la compra de 8.500 cajas de mercader\u00eda. Estas ir\u00e1n en beneficio de aquellas familias vulnerables del sector urbano y rural de la comuna de Vallenar.<\/p>\n<p>As\u00ed lo comunic\u00f3 la concejala Norma Torrej\u00f3n Varela, destacando la excelente noticia que recibir\u00e1n las y los beneficiados, \u201cporque les llegar\u00e1 antes de navidad para que toda la gente la pase tranquilo con esa caja de mercader\u00eda\u201d.<\/p>\n<p>En cuanto al contenido y para qui\u00e9nes va dirigida, agreg\u00f3 que \u201ccontiene de todo, hasta pan de pascua (\u2026), se va a privilegiar a la gente con ficha de protecci\u00f3n social m\u00e1s baja, muchos adultos mayores y todo un listado del municipio, m\u00e1s otro que debe agregarse\u201d, ya que desde Incahuasi extendieron una solicitud para no olvidar a los crianceros.<\/p>\n<p>Al respecto, el concejal Luis Valderrama Maltez, agreg\u00f3 que para la entrega \u201cse est\u00e1n canalizando todos los mecanismos asertivos y canalizados a trav\u00e9s de juntas de vecinos, para aquellas familias que necesitan subsanar parte de este ingreso familiar que no es formal, sino que informal. Y que, a trav\u00e9s de esta ayuda aprobada a plenitud por el concejo, nos sentimos contentos que esta labor social se accione una vez m\u00e1s con esta nueva administraci\u00f3n, pensando solamente en el bienestar de las personas\u201d.<\/p>\n<p>Esta acci\u00f3n forma parte de un completo plan de actividades municipales que deben comenzar a realizarse en el contexto de fin de a\u00f1o, iniciando con el encendido de \u00e1rboles navide\u00f1os en sectores rurales y urbanos de la comuna, para luego coordinar el programa de verano, atendiendo a las medidas preventivas que se deben respetar por contingencia sanitaria.<\/p>\n","protected":false},"excerpt":{"rendered":"<p>La iniciativa forma parte de un completo plan de actividades municipales que deben comenzar a realizarse en el contexto de fin de a\u00f1o En la&hellip; <\/p>\n","protected":false},"author":2,"featured_media":33148,"comment_status":"open","ping_status":"closed","sticky":false,"template":"","format":"standard","meta":{"footnotes":""},"categories":[7,2],"tags":[],"class_list":["post-33147","post","type-post","status-publish","format-standard","has-post-thumbnail","hentry","category-atacama","category-vallenar"],"_links":{"self":[{"href":"https:\/\/www.radioamigavallenar.cl\/index.php?rest_route=\/wp\/v2\/posts\/33147","targetHints":{"allow":["GET"]}}],"collection":[{"href":"https:\/\/www.radioamigavallenar.cl\/index.php?rest_route=\/wp\/v2\/posts"}],"about":[{"href":"https:\/\/www.radioamigavallenar.cl\/index.php?rest_route=\/wp\/v2\/types\/post"}],"author":[{"embeddable":true,"href":"https:\/\/www.radioamigavallenar.cl\/index.php?rest_route=\/wp\/v2\/users\/2"}],"replies":[{"embeddable":true,"href":"https:\/\/www.radioamigavallenar.cl\/index.php?rest_route=%2Fwp%2Fv2%2Fcomments&post=33147"}],"version-history":[{"count":1,"href":"https:\/\/www.radioamigavallenar.cl\/index.php?rest_route=\/wp\/v2\/posts\/33147\/revisions"}],"predecessor-version":[{"id":33149,"href":"https:\/\/www.radioamigavallenar.cl\/index.php?rest_route=\/wp\/v2\/posts\/33147\/revisions\/33149"}],"wp:featuredmedia":[{"embeddable":true,"href":"https:\/\/www.radioamigavallenar.cl\/index.php?rest_route=\/wp\/v2\/media\/33148"}],"wp:attachment":[{"href":"https:\/\/www.radioamigavallenar.cl\/index.php?rest_route=%2Fwp%2Fv2%2Fmedia&parent=33147"}],"wp:term":[{"taxonomy":"category","embeddable":true,"href":"https:\/\/www.radioamigavallenar.cl\/index.php?rest_route=%2Fwp%2Fv2%2Fcategories&post=33147"},{"taxonomy":"post_tag","embeddable":true,"href":"https:\/\/www.radioamigavallenar.cl\/index.php?rest_route=%2Fwp%2Fv2%2Ftags&post=33147"}],"curies":[{"name":"wp","href":"https:\/\/api.w.org\/{rel}","templated":true}]}}