{"id":33144,"date":"2020-12-07T06:00:19","date_gmt":"2020-12-07T09:00:19","guid":{"rendered":"https:\/\/www.radioamigavallenar.cl\/?p=33144"},"modified":"2020-12-06T20:35:48","modified_gmt":"2020-12-06T23:35:48","slug":"una-persona-fallecida-dejo-atropello-en-el-sector-de-cuesta-cardone-en-copiapo","status":"publish","type":"post","link":"https:\/\/www.radioamigavallenar.cl\/?p=33144","title":{"rendered":"Una persona fallecida dej\u00f3 atropello en el sector de cuesta Cardone en Copiap\u00f3"},"content":{"rendered":"<p><strong>Durante la noche del s\u00e1bado se registro un atropello en el sector de cuesta Cardone antes de llegar a la empresa Kauffman.<\/strong><span id=\"more-130635\"><\/span><\/p>\n<p>Se tratar\u00eda de un hombre que circulaba por la ruta y habr\u00eda intentando cruzar la calzada siendo impactado por un Jeep que ven\u00eda desde La Serena a Copiap\u00f3.<\/p>\n<p>\u201cEn horas de la noche personal de carabineros da cuenta al fiscal de turno, que se habr\u00eda producido un accidente de tr\u00e1nsito, en la ruta 5 norte espec\u00edficamente en la Cuesta Cardone, por lo tanto en ese orden de idea, se solicit\u00f3 las primeras diligencias a cargo del personal de la SIAT Atacama.\u201d Se\u00f1al\u00f3 el Fiscal de Turno Sebasti\u00e1n Coya.<\/p>\n<p>En relaci\u00f3n a las posibles causas del accidente, Coya Gonz\u00e1lez indic\u00f3 que por ahora \u00e9stas son materia de la investigaci\u00f3n pero que de acuerdo a los primeros indicios existir\u00eda una hip\u00f3tesis relacionada con la acci\u00f3n de la persona fallecida respecto a su circulaci\u00f3n por la ruta. Cuesti\u00f3n que deber\u00e1 ser confirmada o descartada con el informe t\u00e9cnico que la Siat deber\u00e1 enviar a la Fiscal\u00eda para integrarlo a la carpeta del caso junto al restos de los antecedentes.<\/p>\n<p>Personal de la Secci\u00f3n de Investigaci\u00f3n de Accidentes de Tr\u00e1nsito (SIAT) de Carabineros se encuentra trabajando en el lugar para poder clarificar c\u00f3mo se registr\u00f3 este atropello fatal.<\/p>\n<p>Luego del accidente el conductor, quien viajaba junto a su familia, estacion\u00f3 el veh\u00edculo a un costado de la ruta y comunic\u00f3 lo ocurrido a personal de Carabineros permaneciendo en el lugar.<\/p>\n<p>Andr\u00e9s Chandia, Teniente de Carabineros, perteneciente a la secci\u00f3n de accidente de Atacama \u201cAproximadamente a las 23:15 horas, se produce un accidente del tr\u00e1nsito del tipo atropello, en la ruta C-30 pr\u00f3ximo al kilometro 17, donde un autom\u00f3vil que se desplazaba en direcci\u00f3n hacia el norte, atropello a un peat\u00f3n que permanec\u00eda en la calzada, conforme a los primeros elementos que mantenemos en el lugar del accidente, lo que origino que fuese proyectado metros hacia adelante y finalmente falleci\u00f3 en el lugar del accidente lamentablemente\u201d.<\/p>\n<p>Respecto de la identidad del fallecido, el fiscal indic\u00f3 que se trata de un hombre adulto y que ser\u00e1 personal de Labocar de Carabineros quienes la determinen a partir de las huellas.<\/p>\n","protected":false},"excerpt":{"rendered":"<p>Durante la noche del s\u00e1bado se registro un atropello en el sector de cuesta Cardone antes de llegar a la empresa Kauffman. Se tratar\u00eda de&hellip; <\/p>\n","protected":false},"author":2,"featured_media":33145,"comment_status":"open","ping_status":"closed","sticky":false,"template":"","format":"standard","meta":{"footnotes":""},"categories":[7,6],"tags":[],"class_list":["post-33144","post","type-post","status-publish","format-standard","has-post-thumbnail","hentry","category-atacama","category-policial"],"_links":{"self":[{"href":"https:\/\/www.radioamigavallenar.cl\/index.php?rest_route=\/wp\/v2\/posts\/33144","targetHints":{"allow":["GET"]}}],"collection":[{"href":"https:\/\/www.radioamigavallenar.cl\/index.php?rest_route=\/wp\/v2\/posts"}],"about":[{"href":"https:\/\/www.radioamigavallenar.cl\/index.php?rest_route=\/wp\/v2\/types\/post"}],"author":[{"embeddable":true,"href":"https:\/\/www.radioamigavallenar.cl\/index.php?rest_route=\/wp\/v2\/users\/2"}],"replies":[{"embeddable":true,"href":"https:\/\/www.radioamigavallenar.cl\/index.php?rest_route=%2Fwp%2Fv2%2Fcomments&post=33144"}],"version-history":[{"count":1,"href":"https:\/\/www.radioamigavallenar.cl\/index.php?rest_route=\/wp\/v2\/posts\/33144\/revisions"}],"predecessor-version":[{"id":33146,"href":"https:\/\/www.radioamigavallenar.cl\/index.php?rest_route=\/wp\/v2\/posts\/33144\/revisions\/33146"}],"wp:featuredmedia":[{"embeddable":true,"href":"https:\/\/www.radioamigavallenar.cl\/index.php?rest_route=\/wp\/v2\/media\/33145"}],"wp:attachment":[{"href":"https:\/\/www.radioamigavallenar.cl\/index.php?rest_route=%2Fwp%2Fv2%2Fmedia&parent=33144"}],"wp:term":[{"taxonomy":"category","embeddable":true,"href":"https:\/\/www.radioamigavallenar.cl\/index.php?rest_route=%2Fwp%2Fv2%2Fcategories&post=33144"},{"taxonomy":"post_tag","embeddable":true,"href":"https:\/\/www.radioamigavallenar.cl\/index.php?rest_route=%2Fwp%2Fv2%2Ftags&post=33144"}],"curies":[{"name":"wp","href":"https:\/\/api.w.org\/{rel}","templated":true}]}}