{"id":33093,"date":"2020-12-04T06:00:39","date_gmt":"2020-12-04T09:00:39","guid":{"rendered":"https:\/\/www.radioamigavallenar.cl\/?p=33093"},"modified":"2020-12-04T11:48:29","modified_gmt":"2020-12-04T14:48:29","slug":"confirman-pena-de-10-anos-y-un-dia-de-carcel-en-caso-de-femicidio-frustrado-indagado-por-la-fiscalia","status":"publish","type":"post","link":"https:\/\/www.radioamigavallenar.cl\/?p=33093","title":{"rendered":"Confirman pena de 10 a\u00f1os y un d\u00eda de c\u00e1rcel en caso de femicidio frustrado indagado por la Fiscal\u00eda"},"content":{"rendered":"<p><strong>Fallo de la Corte de Apelaciones acogi\u00f3 los argumentos del Ministerio P\u00fablico en cuanto a la responsabilidad de acusado en los hechos denunciados.<\/strong><span id=\"more-130457\"><\/span><\/p>\n<p>Un fallo de la Corte de Apelaciones de Copiap\u00f3 confirm\u00f3 la sentencia que obtuvo la Fiscal\u00eda de Atacama, luego de una audiencia de Juicio Oral en la que se obtuvo una condena un\u00e1nime por un delito de femicidio en grado de frustrado.<\/p>\n<p>Luego de este juicio la defensa del condenado recurri\u00f3 al m\u00e1ximo Tribunal de la regi\u00f3n para solicitar la anulaci\u00f3n del mencionado juicio, instancia judicial a la que asisti\u00f3 la fiscal adjunta de Copiap\u00f3, Andrea D\u00edaz Tapia, quien argument\u00f3 los medios de prueba con que la Fiscal\u00eda logr\u00f3 acreditar la responsabilidad del condenado.<\/p>\n<p>\u201cEn los argumentos planteados en la Corte de Apelaciones se expusieron los medios probatorios que la Fiscal\u00eda reuni\u00f3 en la investigaci\u00f3n de este grave ataque a una mujer por parte de su pareja, quien la agredi\u00f3 de tal manera que de no mediar la oportuna atenci\u00f3n m\u00e9dica, la v\u00edctima habr\u00eda perdido la vida. Argumentos que fueron valorados por los Ministros de la Corte\u201d, dijo la fiscal.<\/p>\n<p>Andrea D\u00edaz manifest\u00f3 que con este fallo qued\u00f3 firme la sentencia de primera instancia que el Ministerio P\u00fablico obtuvo ante el Tribunal de Juicio Oral en el mes de octubre pasado, ocasi\u00f3n en que se determin\u00f3 que el acusado deber\u00e1 cumplir la pena de 10 a\u00f1os y un d\u00eda de c\u00e1rcel efectiva por su calidad de autor del delito de femicidio frustrado.<\/p>\n<p style=\"text-align: center;\">INVESTIGACI\u00d3N<\/p>\n<p>Los hechos sometidos a la direcci\u00f3n de la investigaci\u00f3n por parte de la Fiscal\u00eda ocurrieron el 02 de marzo de este a\u00f1o en la localidad de Los Loros, comuna de Tierra Amarilla, luego que la v\u00edctima y el imputado, quienes manten\u00edan una convivencia de 20 a\u00f1os y una hija en com\u00fan, asistieron al velorio de un hijo de la mujer afectada.<\/p>\n<p>Seg\u00fan pudo establecer la Fiscal\u00eda la v\u00edctima regres\u00f3 a su domicilio y horas despu\u00e9s lo hizo su pareja, quien la golpe\u00f3 con una tuber\u00eda met\u00e1lica en su cabeza y distintas partes del cuerpo, tom\u00e1ndola luego del cuello para posteriormente azotar su cabeza contra el suelo.<\/p>\n<p>Finalmente, la fiscal Andrea D\u00edaz, quien investig\u00f3 esta causa, indic\u00f3 que en este caso se evidenci\u00f3 una clara afectaci\u00f3n a los derechos e integridad f\u00edsica de la v\u00edctima mediante un hecho de violencia de g\u00e9nero, frente a lo cual el Ministerio P\u00fablico agot\u00f3 todas sus herramientas legales disponibles para poder concretar un trabajo investigativo profesional, efectivo y velando en todo momento por la seguridad de la mujer v\u00edctima de esta agresi\u00f3n.<\/p>\n","protected":false},"excerpt":{"rendered":"<p>Fallo de la Corte de Apelaciones acogi\u00f3 los argumentos del Ministerio P\u00fablico en cuanto a la responsabilidad de acusado en los hechos denunciados. Un fallo&hellip; <\/p>\n","protected":false},"author":2,"featured_media":23273,"comment_status":"open","ping_status":"closed","sticky":false,"template":"","format":"standard","meta":{"footnotes":""},"categories":[6,38],"tags":[],"class_list":["post-33093","post","type-post","status-publish","format-standard","has-post-thumbnail","hentry","category-policial","category-portada-regional"],"_links":{"self":[{"href":"https:\/\/www.radioamigavallenar.cl\/index.php?rest_route=\/wp\/v2\/posts\/33093","targetHints":{"allow":["GET"]}}],"collection":[{"href":"https:\/\/www.radioamigavallenar.cl\/index.php?rest_route=\/wp\/v2\/posts"}],"about":[{"href":"https:\/\/www.radioamigavallenar.cl\/index.php?rest_route=\/wp\/v2\/types\/post"}],"author":[{"embeddable":true,"href":"https:\/\/www.radioamigavallenar.cl\/index.php?rest_route=\/wp\/v2\/users\/2"}],"replies":[{"embeddable":true,"href":"https:\/\/www.radioamigavallenar.cl\/index.php?rest_route=%2Fwp%2Fv2%2Fcomments&post=33093"}],"version-history":[{"count":1,"href":"https:\/\/www.radioamigavallenar.cl\/index.php?rest_route=\/wp\/v2\/posts\/33093\/revisions"}],"predecessor-version":[{"id":33094,"href":"https:\/\/www.radioamigavallenar.cl\/index.php?rest_route=\/wp\/v2\/posts\/33093\/revisions\/33094"}],"wp:featuredmedia":[{"embeddable":true,"href":"https:\/\/www.radioamigavallenar.cl\/index.php?rest_route=\/wp\/v2\/media\/23273"}],"wp:attachment":[{"href":"https:\/\/www.radioamigavallenar.cl\/index.php?rest_route=%2Fwp%2Fv2%2Fmedia&parent=33093"}],"wp:term":[{"taxonomy":"category","embeddable":true,"href":"https:\/\/www.radioamigavallenar.cl\/index.php?rest_route=%2Fwp%2Fv2%2Fcategories&post=33093"},{"taxonomy":"post_tag","embeddable":true,"href":"https:\/\/www.radioamigavallenar.cl\/index.php?rest_route=%2Fwp%2Fv2%2Ftags&post=33093"}],"curies":[{"name":"wp","href":"https:\/\/api.w.org\/{rel}","templated":true}]}}