{"id":3308,"date":"2016-12-22T09:43:26","date_gmt":"2016-12-22T12:43:26","guid":{"rendered":"http:\/\/www.radioamigavallenar.cl\/?p=3308"},"modified":"2016-12-22T09:43:26","modified_gmt":"2016-12-22T12:43:26","slug":"pacientes-del-hospital-de-dia-de-la-unidad-de-salud-mental-del-hph-exponen-sus-trabajos","status":"publish","type":"post","link":"https:\/\/www.radioamigavallenar.cl\/?p=3308","title":{"rendered":"Pacientes del Hospital de D\u00eda de la Unidad de Salud Mental del HPH exponen sus trabajos"},"content":{"rendered":"<p style=\"text-align: justify;\"><a href=\"http:\/\/www.radioamigavallenar.cl\/wp-content\/uploads\/2016\/12\/Salud-mental-HPH.jpg\"><img loading=\"lazy\" decoding=\"async\" class=\" size-medium wp-image-3309 aligncenter\" src=\"http:\/\/www.radioamigavallenar.cl\/wp-content\/uploads\/2016\/12\/Salud-mental-HPH-300x200.jpg\" alt=\"salud-mental-hph\" width=\"300\" height=\"200\" srcset=\"https:\/\/www.radioamigavallenar.cl\/wp-content\/uploads\/2016\/12\/Salud-mental-HPH-300x200.jpg 300w, https:\/\/www.radioamigavallenar.cl\/wp-content\/uploads\/2016\/12\/Salud-mental-HPH.jpg 700w\" sizes=\"auto, (max-width: 300px) 100vw, 300px\" \/><\/a><\/p>\n<p style=\"text-align: justify;\">Los integrantes del dispositivo Hospital de D\u00eda de la Unidad de Salud Mental del HPH, fueron parte de una muestra de trabajos en la plaza O\u00b4Higgins, convocada por el Movimiento por la Discapacidad de Vallenar, con el apoyo de la Estrategia de Desarrollo Local e Inclusivo EDLI y la Universidad de Atacama.<\/p>\n<p style=\"text-align: justify;\">La actividad denominada \u201cCelebraci\u00f3n Navide\u00f1a por los derechos de las Personas en Situaci\u00f3n de Discapacidad, PeSD\u201d, sirvi\u00f3 para que los usuarios presentaran sus diversos trabajos que durante el a\u00f1o realizan, buscando que sus obras sean conocidas por quienes circulaban por la plaza durante la muestra. Hubo en la oportunidad presentaciones art\u00edsticas y una Feria Itinerante de Difusi\u00f3n de los Derechos de las PeSD.<\/p>\n<p style=\"text-align: justify;\">\n","protected":false},"excerpt":{"rendered":"<p>Los integrantes del dispositivo Hospital de D\u00eda de la Unidad de Salud Mental del HPH, fueron parte de una muestra de trabajos en la plaza&hellip; <\/p>\n","protected":false},"author":2,"featured_media":3309,"comment_status":"open","ping_status":"closed","sticky":false,"template":"","format":"standard","meta":{"footnotes":""},"categories":[7],"tags":[],"class_list":["post-3308","post","type-post","status-publish","format-standard","has-post-thumbnail","hentry","category-atacama"],"_links":{"self":[{"href":"https:\/\/www.radioamigavallenar.cl\/index.php?rest_route=\/wp\/v2\/posts\/3308","targetHints":{"allow":["GET"]}}],"collection":[{"href":"https:\/\/www.radioamigavallenar.cl\/index.php?rest_route=\/wp\/v2\/posts"}],"about":[{"href":"https:\/\/www.radioamigavallenar.cl\/index.php?rest_route=\/wp\/v2\/types\/post"}],"author":[{"embeddable":true,"href":"https:\/\/www.radioamigavallenar.cl\/index.php?rest_route=\/wp\/v2\/users\/2"}],"replies":[{"embeddable":true,"href":"https:\/\/www.radioamigavallenar.cl\/index.php?rest_route=%2Fwp%2Fv2%2Fcomments&post=3308"}],"version-history":[{"count":0,"href":"https:\/\/www.radioamigavallenar.cl\/index.php?rest_route=\/wp\/v2\/posts\/3308\/revisions"}],"wp:featuredmedia":[{"embeddable":true,"href":"https:\/\/www.radioamigavallenar.cl\/index.php?rest_route=\/wp\/v2\/media\/3309"}],"wp:attachment":[{"href":"https:\/\/www.radioamigavallenar.cl\/index.php?rest_route=%2Fwp%2Fv2%2Fmedia&parent=3308"}],"wp:term":[{"taxonomy":"category","embeddable":true,"href":"https:\/\/www.radioamigavallenar.cl\/index.php?rest_route=%2Fwp%2Fv2%2Fcategories&post=3308"},{"taxonomy":"post_tag","embeddable":true,"href":"https:\/\/www.radioamigavallenar.cl\/index.php?rest_route=%2Fwp%2Fv2%2Ftags&post=3308"}],"curies":[{"name":"wp","href":"https:\/\/api.w.org\/{rel}","templated":true}]}}