{"id":3304,"date":"2016-12-22T09:32:44","date_gmt":"2016-12-22T12:32:44","guid":{"rendered":"http:\/\/www.radioamigavallenar.cl\/?p=3304"},"modified":"2016-12-22T09:32:44","modified_gmt":"2016-12-22T12:32:44","slug":"fiscalia-investiga-causas-de-fatal-accidente-en-que-murieron-tres-personas","status":"publish","type":"post","link":"https:\/\/www.radioamigavallenar.cl\/?p=3304","title":{"rendered":"Fiscal\u00eda investiga causas de fatal accidente en que murieron tres personas"},"content":{"rendered":"<p><a href=\"http:\/\/www.radioamigavallenar.cl\/wp-content\/uploads\/2016\/12\/ACCIDENTE-VALLENAR.jpg\"><img loading=\"lazy\" decoding=\"async\" class=\" size-medium wp-image-3305 aligncenter\" src=\"http:\/\/www.radioamigavallenar.cl\/wp-content\/uploads\/2016\/12\/ACCIDENTE-VALLENAR-300x169.jpg\" alt=\"accidente-vallenar\" width=\"300\" height=\"169\" srcset=\"https:\/\/www.radioamigavallenar.cl\/wp-content\/uploads\/2016\/12\/ACCIDENTE-VALLENAR-300x169.jpg 300w, https:\/\/www.radioamigavallenar.cl\/wp-content\/uploads\/2016\/12\/ACCIDENTE-VALLENAR.jpg 700w\" sizes=\"auto, (max-width: 300px) 100vw, 300px\" \/><\/a><\/p>\n<p>&nbsp;<\/p>\n<p style=\"text-align: center;\"><em>En el lugar del accidente el fiscal tom\u00f3 contacto con personal de la Siat de Carabineros para ordenar el trabajo investigativo del siniestro.<\/em><\/p>\n<p style=\"text-align: justify;\">La Fiscal\u00eda de Atacama comenz\u00f3 a investigar las causas de un grave accidente carretero que dej\u00f3 como consecuencia tres v\u00edctimas fatales. Siniestro ocurrido en la ruta 5 Norte entre Vallenar y Copiap\u00f3.<\/p>\n<p style=\"text-align: justify;\">En el lugar del hecho se constituy\u00f3 el fiscal de turno de Vallenar, Roberto Robledo, quien indic\u00f3 que el accidente ocurri\u00f3 alrededor de las 17:00 horas en el kil\u00f3metro 715 de la mencionada ruta cuando la camioneta en la que viajaban los tres fallecidos con direcci\u00f3n a Copiap\u00f3 volc\u00f3 por razones que deber\u00e1n establecerse.<\/p>\n<p style=\"text-align: justify;\">\u201cA ra\u00edz de este volcamiento dos de los pasajeros salieron eyectados del veh\u00edculo, mientras que el conductor fue encontrado en el interior del m\u00f3vil. La Fiscal\u00eda comenz\u00f3 a investigar este accidente que ocurri\u00f3 en una recta de aproximadamente cinco kil\u00f3metros no existiendo evidencia de otros veh\u00edculos involucrados\u201d, dijo el fiscal.<\/p>\n<p style=\"text-align: justify;\">Respecto de los fallecidos Robledo indic\u00f3 que el conductor fue identificado como Juan Collao S\u00e1ez (35), mientras que las otras dos personas fallecidas fueron Andr\u00e9s Collao S\u00e1ez (25) y Alberto Godoy Huam\u00e1n (55). Cuyos cuerpos fueron derivados hasta el Servicio M\u00e9dico Legal de la ciudad de Vallenar.<\/p>\n<p style=\"text-align: justify;\">Respecto de la investigaci\u00f3n el fiscal Robledo orden\u00f3 la presencia en el lugar de personal de la Siat de Carabineros, quienes comenzaron a realizar los peritajes respectivos con la finalidad de poder establecer las circunstancias del volcamiento.<\/p>\n<p style=\"text-align: justify;\">\n<p style=\"text-align: justify;\">\n<p style=\"text-align: justify;\">\n","protected":false},"excerpt":{"rendered":"<p>&nbsp; En el lugar del accidente el fiscal tom\u00f3 contacto con personal de la Siat de Carabineros para ordenar el trabajo investigativo del siniestro. La&hellip; <\/p>\n","protected":false},"author":2,"featured_media":3305,"comment_status":"open","ping_status":"closed","sticky":false,"template":"","format":"standard","meta":{"footnotes":""},"categories":[6],"tags":[],"class_list":["post-3304","post","type-post","status-publish","format-standard","has-post-thumbnail","hentry","category-policial"],"_links":{"self":[{"href":"https:\/\/www.radioamigavallenar.cl\/index.php?rest_route=\/wp\/v2\/posts\/3304","targetHints":{"allow":["GET"]}}],"collection":[{"href":"https:\/\/www.radioamigavallenar.cl\/index.php?rest_route=\/wp\/v2\/posts"}],"about":[{"href":"https:\/\/www.radioamigavallenar.cl\/index.php?rest_route=\/wp\/v2\/types\/post"}],"author":[{"embeddable":true,"href":"https:\/\/www.radioamigavallenar.cl\/index.php?rest_route=\/wp\/v2\/users\/2"}],"replies":[{"embeddable":true,"href":"https:\/\/www.radioamigavallenar.cl\/index.php?rest_route=%2Fwp%2Fv2%2Fcomments&post=3304"}],"version-history":[{"count":0,"href":"https:\/\/www.radioamigavallenar.cl\/index.php?rest_route=\/wp\/v2\/posts\/3304\/revisions"}],"wp:featuredmedia":[{"embeddable":true,"href":"https:\/\/www.radioamigavallenar.cl\/index.php?rest_route=\/wp\/v2\/media\/3305"}],"wp:attachment":[{"href":"https:\/\/www.radioamigavallenar.cl\/index.php?rest_route=%2Fwp%2Fv2%2Fmedia&parent=3304"}],"wp:term":[{"taxonomy":"category","embeddable":true,"href":"https:\/\/www.radioamigavallenar.cl\/index.php?rest_route=%2Fwp%2Fv2%2Fcategories&post=3304"},{"taxonomy":"post_tag","embeddable":true,"href":"https:\/\/www.radioamigavallenar.cl\/index.php?rest_route=%2Fwp%2Fv2%2Ftags&post=3304"}],"curies":[{"name":"wp","href":"https:\/\/api.w.org\/{rel}","templated":true}]}}