{"id":3300,"date":"2016-12-22T09:30:16","date_gmt":"2016-12-22T12:30:16","guid":{"rendered":"http:\/\/www.radioamigavallenar.cl\/?p=3300"},"modified":"2016-12-22T09:30:16","modified_gmt":"2016-12-22T12:30:16","slug":"alcalde-de-freirina-avances-hoy-permiten-visibilizar-el-sector-costero-de-la-comuna","status":"publish","type":"post","link":"https:\/\/www.radioamigavallenar.cl\/?p=3300","title":{"rendered":"Alcalde de Freirina: \u201cAvances hoy permiten visibilizar el sector costero de la comuna\u201d"},"content":{"rendered":"<p style=\"text-align: justify;\"><a href=\"http:\/\/www.radioamigavallenar.cl\/wp-content\/uploads\/2016\/12\/Caleta-2.jpg\"><img loading=\"lazy\" decoding=\"async\" class=\" size-medium wp-image-3301 aligncenter\" src=\"http:\/\/www.radioamigavallenar.cl\/wp-content\/uploads\/2016\/12\/Caleta-2-300x225.jpg\" alt=\"caleta-2\" width=\"300\" height=\"225\" srcset=\"https:\/\/www.radioamigavallenar.cl\/wp-content\/uploads\/2016\/12\/Caleta-2-300x225.jpg 300w, https:\/\/www.radioamigavallenar.cl\/wp-content\/uploads\/2016\/12\/Caleta-2.jpg 700w\" sizes=\"auto, (max-width: 300px) 100vw, 300px\" \/><\/a><\/p>\n<p style=\"text-align: justify;\">Est\u00e1n ocurriendo cosas importantes en el sector costero de la comuna de Freirina, as\u00ed lo manifest\u00f3 el alcalde de la comuna, Cesar Orellana, luego de participar junto a la gobernadora de la provincia de Huasco, Alexandra N\u00fa\u00f1ez Sorich de una reuni\u00f3n con los habitantes de la \u201cCaleta Los Burros\u201d,\u00a0 apartado lugar de la comuna hasta donde han\u00a0 llegado las autoridades con\u00a0 el prop\u00f3sito de escuchar los planteamientos\u00a0 y acoger sus inquietudes y en conjunto trabajar en la generaci\u00f3n de los espacios de participaci\u00f3n que permitan avanzar hacia la soluci\u00f3n de sus problemas, destac\u00f3 por su parte la gobernadora de la provincia.<\/p>\n<p style=\"text-align: justify;\">En la oportunidad y acompa\u00f1ados, tambi\u00e9n por el seremi de energ\u00eda, Rodolfo Guenchor y el director regional del Sence, Mauricio Hidalgo, las autoridades analizaron las demandas en materia de mejoramiento de caminos, vivienda, capacitaci\u00f3n y en\u00a0 la relaci\u00f3n que la comunidad espera de las empresas privadas que se encuentran instaladas en la zona.<\/p>\n<p style=\"text-align: justify;\">Cabe recordar que en ese sector se llevan a cabo, la ejecuci\u00f3n de los proyectos de parque e\u00f3licos; San Juan, Sarco y Cabo Leones, con este \u00faltimo con quien manifiestan la necesidad de concretar una mayor integraci\u00f3n de la empresa con la comunidad.<\/p>\n<p style=\"text-align: justify;\">En ese sentido, el alcalde de la comuna, resalt\u00f3 la conformaci\u00f3n de la mesa e\u00f3lica de Freirina, instancia de coordinaci\u00f3n entre la comunidad organizada de cada sector ubicado en la zona costera de la comuna,\u00a0 el gobierno a trav\u00e9s de sus autoridades y la representaci\u00f3n de las empresas que llevan a\u00a0 cabo sus proyectos e\u00f3licos en la zona, esto con el objeto de analizar las distintas demandas del territorio y las v\u00edas de\u00a0 respuestas a dichos requerimientos. \u201cLo hemos dicho fuerte y claro hoy d\u00eda hay avances importantes que se registran la zona costera de nuestra comuna y que es obra del gobierno y del trabajo en conjunto con la autoridad comunal y con los habitantes de cada sector y con\u00a0 quieres deseen venir a desarrollar sus proyectos en esta zona en un estrecha relaci\u00f3n y coordinaci\u00f3n con la autoridad y con las comunidades trabajo que hoy nos permite mostrar al mundo las potencialidades que esta comuna tiene\u201d, indic\u00f3.<\/p>\n<p style=\"text-align: justify;\">El mejoramiento de los accesos, los avances en conectividad, la llegada de importantes proyectos que apuestan por las energ\u00edas limpias son signos de un avance que genera interesantes expectativas y para las cuales hay que estar preparados, destac\u00f3 la gobernadora, relevando as\u00ed el trabajo que en materia de capacitaci\u00f3n, el gobierno realiza en estas localidades tan apartadas, \u201choy d\u00eda se preparan con entusiasmo en tareas tan propias con lo que est\u00e1 ocurriendo como es la instalaci\u00f3n de celdas solares o se entusiasman en emprender con una mirada de futuro, prepar\u00e1ndose para la llegada de turistas que han de visitar lugares a\u00fan inexplorados y que ofrecen un gran potencial en esta materia\u201d, se\u00f1al\u00f3 la autoridad.<\/p>\n<p style=\"text-align: justify;\">El Sence realiza por estos d\u00edas un plan de trabajo destinado a capacitar en mantenci\u00f3n e instalaci\u00f3n de paneles solares (fotovoltaicos y termo solares), como una primera etapa de lo que ha sido por primera vez la llegada del Sence al borde costero, luego se iniciar\u00e1 un plan destinado al \u00e1rea de la gastronom\u00eda, temas y demandas que los propios habitantes, ha manifestado en una especie de proceso de reconversi\u00f3n\u00a0 de las habituales faenas de la extracci\u00f3n de algas, hoy d\u00eda se entusiasman con nuevos emprendimientos, resalt\u00f3 el director regional del Sence.<\/p>\n","protected":false},"excerpt":{"rendered":"<p>Est\u00e1n ocurriendo cosas importantes en el sector costero de la comuna de Freirina, as\u00ed lo manifest\u00f3 el alcalde de la comuna, Cesar Orellana, luego de&hellip; <\/p>\n","protected":false},"author":2,"featured_media":3301,"comment_status":"open","ping_status":"closed","sticky":false,"template":"","format":"standard","meta":{"footnotes":""},"categories":[3],"tags":[],"class_list":["post-3300","post","type-post","status-publish","format-standard","has-post-thumbnail","hentry","category-freirina"],"_links":{"self":[{"href":"https:\/\/www.radioamigavallenar.cl\/index.php?rest_route=\/wp\/v2\/posts\/3300","targetHints":{"allow":["GET"]}}],"collection":[{"href":"https:\/\/www.radioamigavallenar.cl\/index.php?rest_route=\/wp\/v2\/posts"}],"about":[{"href":"https:\/\/www.radioamigavallenar.cl\/index.php?rest_route=\/wp\/v2\/types\/post"}],"author":[{"embeddable":true,"href":"https:\/\/www.radioamigavallenar.cl\/index.php?rest_route=\/wp\/v2\/users\/2"}],"replies":[{"embeddable":true,"href":"https:\/\/www.radioamigavallenar.cl\/index.php?rest_route=%2Fwp%2Fv2%2Fcomments&post=3300"}],"version-history":[{"count":0,"href":"https:\/\/www.radioamigavallenar.cl\/index.php?rest_route=\/wp\/v2\/posts\/3300\/revisions"}],"wp:featuredmedia":[{"embeddable":true,"href":"https:\/\/www.radioamigavallenar.cl\/index.php?rest_route=\/wp\/v2\/media\/3301"}],"wp:attachment":[{"href":"https:\/\/www.radioamigavallenar.cl\/index.php?rest_route=%2Fwp%2Fv2%2Fmedia&parent=3300"}],"wp:term":[{"taxonomy":"category","embeddable":true,"href":"https:\/\/www.radioamigavallenar.cl\/index.php?rest_route=%2Fwp%2Fv2%2Fcategories&post=3300"},{"taxonomy":"post_tag","embeddable":true,"href":"https:\/\/www.radioamigavallenar.cl\/index.php?rest_route=%2Fwp%2Fv2%2Ftags&post=3300"}],"curies":[{"name":"wp","href":"https:\/\/api.w.org\/{rel}","templated":true}]}}