{"id":32999,"date":"2020-12-03T06:00:50","date_gmt":"2020-12-03T09:00:50","guid":{"rendered":"https:\/\/www.radioamigavallenar.cl\/?p=32999"},"modified":"2020-12-02T21:21:37","modified_gmt":"2020-12-03T00:21:37","slug":"ministro-prokurica-queremos-exportar-los-servicios-de-la-mineria-chilena-que-son-de-clase-mundial","status":"publish","type":"post","link":"https:\/\/www.radioamigavallenar.cl\/?p=32999","title":{"rendered":"Ministro Prokurica: \u201cQueremos exportar los servicios de la miner\u00eda chilena, que son de clase mundial\u201d"},"content":{"rendered":"<p><strong>El titular de Miner\u00eda explic\u00f3 que, en Per\u00fa, el 20% de las empresas que prestan bienes y servicios en el sector son chilenas, y que se busca llegar a nuevos mercados en M\u00e9xico, Australia y Canad\u00e1.\u00a0\u00a0<\/strong><span id=\"more-228259\"><\/span><\/p>\n<p><strong>\u00a0<\/strong><\/p>\n<p>El ministro de Miner\u00eda,\u00a0<strong>Baldo Prokurica<\/strong>, junto al presidente de la Asociaci\u00f3n de Proveedores Industriales del sector, Aprimin, Pascual Veiga, encabezaron el lanzamiento del Foro Anual 2020 \u201cMiner\u00eda: Una soluci\u00f3n para Chile y el mundo\u201d, instancia en la cual el secretario de Estado destac\u00f3 la importancia que han tenido estas empresas en la resiliencia de la actividad econ\u00f3mica durante la pandemia, y abord\u00f3 el trabajo que se est\u00e1 realizando para exportar este tipo de servicios a distintos pa\u00edses.<\/p>\n<p>En la oportunidad, el titular de la cartera destac\u00f3 el desempe\u00f1o que ha tenido el sector minero, puntualizando que \u201cse han registrado seis de ocho meses con Imacec positivo, lo que permitir\u00e1 entregar este a\u00f1o al fisco cerca de US$3 mil millones, recursos que son muy necesarios para ayudar a tantas familias que lo han pasado mal por la pandemia\u201d.<\/p>\n<p>En esa l\u00ednea, el secretario de Estado puntualiz\u00f3 que \u201csi Chile no tuviera proveedores de la miner\u00eda de este nivel, nada de esto habr\u00eda sido posible, ya que esta es una cadena completa y los proveedores chilenos estuvieron a la altura en este per\u00edodo\u201d.<\/p>\n<p>El ministro Prokurica sostuvo que \u201c<strong>queremos exportar los servicios de la miner\u00eda a distintos pa\u00edses<\/strong><strong>. Ya lo estamos haciendo en Per\u00fa, donde el 20% de los proveedores de la miner\u00eda son chilenos, pero tambi\u00e9n queremos abrir nuevos mercados en\u00a0M\u00e9xico, Australia y Canad\u00e1<\/strong>\u201d.<\/p>\n<p>Actualmente, la Asociaci\u00f3n de Proveedores Industriales de la Miner\u00eda, cuenta con 108 empresas que generan m\u00e1s de 137 mil empleos directos y 375 indirectos, facturando US$13.500 millones al a\u00f1o.<\/p>\n","protected":false},"excerpt":{"rendered":"<p>El titular de Miner\u00eda explic\u00f3 que, en Per\u00fa, el 20% de las empresas que prestan bienes y servicios en el sector son chilenas, y que&hellip; <\/p>\n","protected":false},"author":2,"featured_media":25515,"comment_status":"open","ping_status":"closed","sticky":false,"template":"","format":"standard","meta":{"footnotes":""},"categories":[34,37],"tags":[],"class_list":["post-32999","post","type-post","status-publish","format-standard","has-post-thumbnail","hentry","category-mineria","category-nacional"],"_links":{"self":[{"href":"https:\/\/www.radioamigavallenar.cl\/index.php?rest_route=\/wp\/v2\/posts\/32999","targetHints":{"allow":["GET"]}}],"collection":[{"href":"https:\/\/www.radioamigavallenar.cl\/index.php?rest_route=\/wp\/v2\/posts"}],"about":[{"href":"https:\/\/www.radioamigavallenar.cl\/index.php?rest_route=\/wp\/v2\/types\/post"}],"author":[{"embeddable":true,"href":"https:\/\/www.radioamigavallenar.cl\/index.php?rest_route=\/wp\/v2\/users\/2"}],"replies":[{"embeddable":true,"href":"https:\/\/www.radioamigavallenar.cl\/index.php?rest_route=%2Fwp%2Fv2%2Fcomments&post=32999"}],"version-history":[{"count":1,"href":"https:\/\/www.radioamigavallenar.cl\/index.php?rest_route=\/wp\/v2\/posts\/32999\/revisions"}],"predecessor-version":[{"id":33000,"href":"https:\/\/www.radioamigavallenar.cl\/index.php?rest_route=\/wp\/v2\/posts\/32999\/revisions\/33000"}],"wp:featuredmedia":[{"embeddable":true,"href":"https:\/\/www.radioamigavallenar.cl\/index.php?rest_route=\/wp\/v2\/media\/25515"}],"wp:attachment":[{"href":"https:\/\/www.radioamigavallenar.cl\/index.php?rest_route=%2Fwp%2Fv2%2Fmedia&parent=32999"}],"wp:term":[{"taxonomy":"category","embeddable":true,"href":"https:\/\/www.radioamigavallenar.cl\/index.php?rest_route=%2Fwp%2Fv2%2Fcategories&post=32999"},{"taxonomy":"post_tag","embeddable":true,"href":"https:\/\/www.radioamigavallenar.cl\/index.php?rest_route=%2Fwp%2Fv2%2Ftags&post=32999"}],"curies":[{"name":"wp","href":"https:\/\/api.w.org\/{rel}","templated":true}]}}